{"id":9687,"date":"2013-11-06T13:46:34","date_gmt":"2013-11-06T11:46:34","guid":{"rendered":"https:\/\/agustinfernandezpaz.gal\/?p=9687"},"modified":"2014-01-23T20:07:48","modified_gmt":"2014-01-23T18:07:48","slug":"se-publica-la-30a-edicion-de-cartas-de-inverno","status":"publish","type":"post","link":"https:\/\/agustinfernandezpaz.gal\/es\/se-publica-la-30a-edicion-de-cartas-de-inverno\/","title":{"rendered":"Se publica la 31\u00aa edici\u00f3n de Cartas de inverno."},"content":{"rendered":"<p>La novela <a title=\"Cartas de inverno\" href=\"https:\/\/agustinfernandezpaz.gal\/es\/libros\/cartas-de-inverno-cartas-de-invierno\/\" target=\"_blank\">Cartas de invierno<\/a>, de Agust\u00edn Fern\u00e1ndez Paz, llega a su trig\u00e9sima edici\u00f3n en \u201cF\u00f3ra de Xogo\u201d, la colecci\u00f3n juvenil de Edici\u00f3ns Xerais. Para destacar este hecho, la editorial ha publicado un booktrailer del libro, realizado por David Rodr\u00edguez. Las im\u00e1genes empleadas en el v\u00eddeo, as\u00ed como las de esta noticia, pertenecen a la <a title=\"Cartes de invierno de Antonio Seijas\" href=\"http:\/\/www.xerais.es\/libro.php?id=3204791\" target=\"_blank\">novela gr\u00e1fica<\/a> que <a title=\"web de Antonio Seijas\" href=\"http:\/\/www.antonioseijas.com\/\" target=\"_blank\">Antonio Seijas <\/a>cre\u00f3 a partir de la novela de Fern\u00e1ndez Paz.<\/p>\n<p>Publicada originariamente en 1995, <em>Cartas de invierno<\/em> tuvo, desde el primer momento, una magn\u00edfica acogida por parte de los lectores y lectoras. Esta favorable recepci\u00f3n continu\u00f3 tambi\u00e9n en otras lenguas. La traducci\u00f3n catalana (<a title=\"Cartes d'hivern Bromera\" href=\"http:\/\/www.bromera.com\/fitxa-llibre-coleccions\/items\/cartes-dhivern.html\" target=\"_blank\"><em>Cartes d&#8217;hivern<\/em><\/a>. Edicions Bromera) lleva m\u00e1s de veinte ediciones, siendo uno de los libros m\u00e1s vendidos de la editorial. La edici\u00f3n en castellano (<a title=\"Cartas de invierno SM\" href=\"http:\/\/www.literaturasm.com\/Cartas_de_invierno.html\" target=\"_blank\"><em>Cartas de invierno<\/em><\/a>. Ediciones SM) inaugur\u00f3 una nueva colecci\u00f3n, \u201cEl Naveg@nte\u201d, y se reedit\u00f3 posteriormente en \u201cGran Angular\u201d, tambi\u00e9n con repetidas ediciones. Adem\u00e1s, la novela est\u00e1 traducida al eusquera (<em>Neguko gutunak<\/em>. Elkar), al portugu\u00e9s (<em>Cartas de inverno<\/em>. Contempor\u00e1nea Editora) y al bret\u00f3n (<em>Tasmant en ti<\/em>. Sav-Heol).<\/p>\n<p>Tambi\u00e9n tuvo una buena recepci\u00f3n por parte de la cr\u00edtica. En 1996 se le concedi\u00f3 el Premio Ra\u00f1olas al mejor libro juvenil del a\u00f1o. Y la edici\u00f3n catalana qued\u00f3 finalista del Premi Protagonista Jove, que se otorga por votaci\u00f3n de los lectores. Finalmente, la revista <a title=\"Web revista CLIJ\" href=\"http:\/\/www.revistaclij.com\/\" target=\"_blank\"><em>CLIJ. Cuadernos de Literatura Infantil y Juvenil<\/em><\/a> lo seleccion\u00f3 en el a\u00f1o 2000 c\u00f3mo uno de los cien mejores libros publicados en Espa\u00f1a en el siglo XX.<\/p>\n<p>Adenda: En enero de 2014 se public\u00f3 la 31\u00aa edici\u00f3n de\u00a0<em>Cartas de inverno<\/em>\u00a0y la 23\u00aa de\u00a0<em>Cartes d&#8217;hivern<\/em>.<\/p>\n<h6>Booktrailer del libro \u00abCartas de inverno\u00bb de Agust\u00edn Fern\u00e1ndez Paz realizado por David Rodr\u00edguez.<\/h6>\n<p><iframe loading=\"lazy\" src=\"\/\/www.youtube.com\/embed\/_4fQf1Sx5nk\" frameborder=\"0\" width=\"100%\" height=\"315\"><\/iframe><\/p>\n","protected":false},"excerpt":{"rendered":"<p>La novela Cartas de invierno, de Agust\u00edn Fern\u00e1ndez Paz, llega a su trig\u00e9sima edici\u00f3n en \u201cF\u00f3ra de Xogo\u201d, la colecci\u00f3n juvenil de Edici\u00f3ns Xerais. Para destacar este hecho, la editorial ha publicado un booktrailer del libro, realizado por David Rodr\u00edguez. Las im\u00e1genes empleadas en el v\u00eddeo, as\u00ed como las de esta noticia, pertenecen a la [&hellip;]<\/p>\n","protected":false},"author":1,"featured_media":9684,"comment_status":"closed","ping_status":"closed","sticky":false,"template":"","format":"standard","meta":{"footnotes":""},"categories":[43],"tags":[],"class_list":["post-9687","post","type-post","status-publish","format-standard","has-post-thumbnail","hentry","category-noticias"],"_links":{"self":[{"href":"https:\/\/agustinfernandezpaz.gal\/es\/wp-json\/wp\/v2\/posts\/9687","targetHints":{"allow":["GET"]}}],"collection":[{"href":"https:\/\/agustinfernandezpaz.gal\/es\/wp-json\/wp\/v2\/posts"}],"about":[{"href":"https:\/\/agustinfernandezpaz.gal\/es\/wp-json\/wp\/v2\/types\/post"}],"author":[{"embeddable":true,"href":"https:\/\/agustinfernandezpaz.gal\/es\/wp-json\/wp\/v2\/users\/1"}],"replies":[{"embeddable":true,"href":"https:\/\/agustinfernandezpaz.gal\/es\/wp-json\/wp\/v2\/comments?post=9687"}],"version-history":[{"count":0,"href":"https:\/\/agustinfernandezpaz.gal\/es\/wp-json\/wp\/v2\/posts\/9687\/revisions"}],"wp:featuredmedia":[{"embeddable":true,"href":"https:\/\/agustinfernandezpaz.gal\/es\/wp-json\/wp\/v2\/media\/9684"}],"wp:attachment":[{"href":"https:\/\/agustinfernandezpaz.gal\/es\/wp-json\/wp\/v2\/media?parent=9687"}],"wp:term":[{"taxonomy":"category","embeddable":true,"href":"https:\/\/agustinfernandezpaz.gal\/es\/wp-json\/wp\/v2\/categories?post=9687"},{"taxonomy":"post_tag","embeddable":true,"href":"https:\/\/agustinfernandezpaz.gal\/es\/wp-json\/wp\/v2\/tags?post=9687"}],"curies":[{"name":"wp","href":"https:\/\/api.w.org\/{rel}","templated":true}]}}