{"id":8641,"date":"2013-03-16T15:59:55","date_gmt":"2013-03-16T13:59:55","guid":{"rendered":"https:\/\/agustinfernandezpaz.gal\/a-casa-pequena-no-pais-de-arnoia-2\/"},"modified":"2013-03-17T15:24:36","modified_gmt":"2013-03-17T13:24:36","slug":"a-casa-pequena-no-pais-de-arnoia","status":"publish","type":"post","link":"https:\/\/agustinfernandezpaz.gal\/es\/a-casa-pequena-no-pais-de-arnoia\/","title":{"rendered":"A Casa Pequena, no pa\u00eds de Arnoia"},"content":{"rendered":"<p>(Todos os <em>collages<\/em> que aparecen nesta entrada son da autoria de Pepe Barro)<\/p>\n<p><span style=\"color: #800080;\"><strong><em>Arnoia, Arnoia<\/em>, de Xos\u00e9 Lu\u00eds M\u00e9ndez Ferr\u00edn (Edici\u00f3ns Xerais, 1985)<\/strong><\/span><\/p>\n<p><img loading=\"lazy\" decoding=\"async\" class=\"alignleft size-medium wp-image-8620\" title=\"Arnoia-4\" src=\"https:\/\/agustinfernandezpaz.gal\/wp-content\/uploads\/2013\/03\/Arnoia-4-223x300.jpg\" alt=\"\" width=\"223\" height=\"300\" srcset=\"https:\/\/agustinfernandezpaz.gal\/wp-content\/uploads\/2013\/03\/Arnoia-4-223x300.jpg 223w, https:\/\/agustinfernandezpaz.gal\/wp-content\/uploads\/2013\/03\/Arnoia-4-768x1033.jpg 768w, https:\/\/agustinfernandezpaz.gal\/wp-content\/uploads\/2013\/03\/Arnoia-4-766x1030.jpg 766w, https:\/\/agustinfernandezpaz.gal\/wp-content\/uploads\/2013\/03\/Arnoia-4-1115x1500.jpg 1115w, https:\/\/agustinfernandezpaz.gal\/wp-content\/uploads\/2013\/03\/Arnoia-4-524x705.jpg 524w, https:\/\/agustinfernandezpaz.gal\/wp-content\/uploads\/2013\/03\/Arnoia-4-450x605.jpg 450w, https:\/\/agustinfernandezpaz.gal\/wp-content\/uploads\/2013\/03\/Arnoia-4-530x712.jpg 530w, https:\/\/agustinfernandezpaz.gal\/wp-content\/uploads\/2013\/03\/Arnoia-4-110x147.jpg 110w, https:\/\/agustinfernandezpaz.gal\/wp-content\/uploads\/2013\/03\/Arnoia-4-761x1024.jpg 761w, https:\/\/agustinfernandezpaz.gal\/wp-content\/uploads\/2013\/03\/Arnoia-4.jpg 2005w\" sizes=\"auto, (max-width: 223px) 100vw, 223px\" \/>Lembro ben a primeira vez que lin <a title=\"Arnoia, Arnoia na Galipedia\" href=\"http:\/\/gl.wikipedia.org\/wiki\/Arnoia,_Arnoia\" target=\"_blank\"><em>Arnoia, Arnoia<\/em><\/a>, ese l\u00f3strego fascinante que iluminou o ceo de 1985. Daquela, a literatura xuvenil a\u00ednda padec\u00eda moitos dos prexu\u00edzos que logo foi conseguindo vencer (outros a\u00ednda seguen a\u00ed, teimudos). Que <a title=\"Ferr\u00edn na Wikipedia en galego\" href=\"http:\/\/gl.wikipedia.org\/wiki\/Xos%C3%A9_Lu%C3%ADs_M%C3%A9ndez_Ferr%C3%ADn\" target=\"_blank\">Xos\u00e9 Lu\u00eds M\u00e9ndez Ferr\u00edn<\/a>, o autor de <em>Percival<\/em>, <em>Cr\u00f3nica de n\u00f3s<\/em> ou <em>Amor de Artur<\/em>,\u00a0 escribise unha novela que se dirix\u00eda principalmente aos lectores mozos, sen rebaixar para nada o alto nivel de calidade dos seus libros anteriores, foi unha gozosa sorpresa. Ademais, Edici\u00f3ns Xerais fixo unha edici\u00f3n do libro ins\u00f3lita no noso contexto, cunha alta calidade material e de dese\u00f1o, que se completaba cuns arriscados e suxestivos <em>collages<\/em>, da autor\u00eda de <a title=\"Sobre Pepe Barro e Revisi\u00f3n\" href=\"http:\/\/gruporevision.com\/\" target=\"_blank\">Pepe Barro<\/a>. Foi unha festa, ler aquela marabilla.<\/p>\n<p>De feito, o meu aprecio por este libro levoume a inclu\u00edlo na mi\u00f1a novela <a title=\"Ficha de Aire Negro\" href=\"https:\/\/agustinfernandezpaz.gal\/libros\/aire-negro\/\" target=\"_blank\"><em>Aire negro<\/em><\/a>, onde xoga un papel de certa relevancia na relaci\u00f3n entre a protagonista, Laura Novo, e Carlos, o profesor de Historia do que ela andaba namorada.<\/p>\n<p>En 1988 escrib\u00edn un breve libro titulado <a title=\"Ficha de 28 libros da LIX\" href=\"https:\/\/agustinfernandezpaz.gal\/libros\/28-libros-da-literatura-infantil-e-xuvenil-galega\/\" target=\"_blank\"><em>28 libros da literatura infantil e xuvenil galega<\/em><\/a>. Nel ofrec\u00eda unha selecci\u00f3n de case trinta t\u00edtulos salientables, elixidos de entre a feble oferta editorial daqueles anos. Un deles, xaora, era <em>Arnoia, Arnoia<\/em>. Rescato agora aqu\u00ed alg\u00fans anacos do texto que escrib\u00edn daquela:<\/p>\n<p>\u00abQue hai en <em>Arnoia, Arnoia<\/em> que xustifique tantas loanzas? En primeiro lugar, estamos ante dunha novela de aventuras na que se mesturan personaxes e ambientes que nos remiten a outros libros (ou pel\u00edculas, ou c\u00f3mics) que xa forman parte da mitolox\u00eda espec\u00edfica do x\u00e9nero.<\/p>\n<p><img loading=\"lazy\" decoding=\"async\" class=\"alignright size-full wp-image-8627\" title=\"Ferr\u00edn-4\" src=\"https:\/\/agustinfernandezpaz.gal\/wp-content\/uploads\/2013\/03\/Ferr\u00edn-41.jpg\" alt=\"\" width=\"300\" height=\"268\" srcset=\"https:\/\/agustinfernandezpaz.gal\/wp-content\/uploads\/2013\/03\/Ferr\u00edn-41.jpg 300w, https:\/\/agustinfernandezpaz.gal\/wp-content\/uploads\/2013\/03\/Ferr\u00edn-41-110x98.jpg 110w\" sizes=\"auto, (max-width: 300px) 100vw, 300px\" \/>\u00abEn segundo lugar, estamos diante dunha novela de car\u00e1cter inici\u00e1tico, que se axusta \u00e1 perfecci\u00f3n ao esquema que define esta clase de relatos: un protagonista situado na terra de ningu\u00e9n da adolescencia que emprende unha viaxe polo mundo adiante, durante a cal ter\u00e1 que se enfrontar a unha serie de probas e perigos. A s\u00faa superaci\u00f3n contribuir\u00e1 decisivamente \u00e1 s\u00faa formaci\u00f3n como persoa, de xeito que ao final da viaxe o protagonista aparece transformado polas experiencias vividas.<\/p>\n<p>\u00abEn terceiro lugar, estamos diante dunha peza m\u00e1is dese <em>puzzle <\/em>que M\u00e9ndez Ferr\u00edn vai constru\u00edndo devagar, libro a libro, e que remite a un universo propio, coa liberaci\u00f3n de <a title=\"Retorno a Tagen Ata\" href=\"http:\/\/www.xerais.es\/libro.php?id=47860\" target=\"_blank\">Tagen Ata<\/a> como pano de fondo, que xa ten a consistencia doutros mundos literarios como <a title=\"Sobre o territorio de Faulkner\" href=\"http:\/\/ellamentodeportnoy.blogspot.com.es\/2005\/04\/yoknapatawpha.html\" target=\"_blank\">Yoknapatawpha<\/a>, <a title=\"Sobre Macondo\" href=\"http:\/\/es.wikipedia.org\/wiki\/Macondo\" target=\"_blank\">Macondo<\/a> ou <a title=\"Sobre Benet e Regi\u00f3n\" href=\"http:\/\/www.elboomeran.com\/upload\/ficheros\/noticias\/claves_articulo176benet.pdf\" target=\"_blank\">Rexi\u00f3n<\/a>.<\/p>\n<p>\u00abO libro \u00e1brese coa detenci\u00f3n de Nmogadah, o mozo de 16 anos que protagoniza a historia. Mais el non \u00e9 un mozo calquera: \u00e9 un Pr\u00edncipe Segredo e na s\u00faa man brilla a estrela Libred\u00f3n, s\u00edmbolo da liberdade. Na cadea co\u00f1ece a Mestre Lionel, un castr\u00f3n que ten a facultade de se comunicar por medio do pensamento. Ambos os dous foxen da cadea e emprenden unha longa viaxe \u00abna procura da Casa Pequena, no pa\u00eds de Arnoia\u00bb.<\/p>\n<p><img loading=\"lazy\" decoding=\"async\" class=\"alignleft size-medium wp-image-8623\" title=\"Arnoia-3\" src=\"https:\/\/agustinfernandezpaz.gal\/wp-content\/uploads\/2013\/03\/Arnoia-3-233x300.jpg\" alt=\"\" width=\"233\" height=\"300\" srcset=\"https:\/\/agustinfernandezpaz.gal\/wp-content\/uploads\/2013\/03\/Arnoia-3-233x300.jpg 233w, https:\/\/agustinfernandezpaz.gal\/wp-content\/uploads\/2013\/03\/Arnoia-3-768x987.jpg 768w, https:\/\/agustinfernandezpaz.gal\/wp-content\/uploads\/2013\/03\/Arnoia-3-801x1030.jpg 801w, https:\/\/agustinfernandezpaz.gal\/wp-content\/uploads\/2013\/03\/Arnoia-3-1167x1500.jpg 1167w, https:\/\/agustinfernandezpaz.gal\/wp-content\/uploads\/2013\/03\/Arnoia-3-548x705.jpg 548w, https:\/\/agustinfernandezpaz.gal\/wp-content\/uploads\/2013\/03\/Arnoia-3-450x578.jpg 450w, https:\/\/agustinfernandezpaz.gal\/wp-content\/uploads\/2013\/03\/Arnoia-3-530x681.jpg 530w, https:\/\/agustinfernandezpaz.gal\/wp-content\/uploads\/2013\/03\/Arnoia-3-110x141.jpg 110w, https:\/\/agustinfernandezpaz.gal\/wp-content\/uploads\/2013\/03\/Arnoia-3-796x1024.jpg 796w, https:\/\/agustinfernandezpaz.gal\/wp-content\/uploads\/2013\/03\/Arnoia-3.jpg 1549w\" sizes=\"auto, (max-width: 233px) 100vw, 233px\" \/>\u00abNo decurso desa viaxe vivir\u00e1n unha serie de aventuras que, de querelo o autor, poder\u00eda prolongarse m\u00e1is e m\u00e1is. O encontro cos Leabertkolm, onde Nmogadah derrota ao fero guerreiro que bota lume polo seu \u00fanico ollo. A estancia no <a title=\"Bosque de Brocelianda\" href=\"http:\/\/www.mcnarte.com\/app-arte\/do\/show?key=brocelianda\" target=\"_blank\">bosque de Brocelianda<\/a>, onde atopa a espada Milmanda e ve a estatua de alabastro de <a title=\"Sobre Calpurnia Abana\" href=\"http:\/\/mulleresourensas.blogspot.com.es\/2012\/05\/calpurnia-abana-aeboso.html \" target=\"_blank\">Calpurnia Abana<\/a>, a moza da que namorar\u00e1. A procura de Brandaberis, nas cidades do deserto, para aprender a sabedor\u00eda das oito palabras retorneadas. A captura por parte dos Grou, raza de ananos que furan a terra na procura da <a title=\"A lenda da Trabe de Ouro\" href=\"http:\/\/www.blogoteca.com\/arqueoloxia\/index.php?cod=100736\" target=\"_blank\">Trabe de Ouro<\/a>, e a posterior rebeli\u00f3n dos escravos da mina, se cadra o episodio m\u00e1is intenso do libro. A navegaci\u00f3n por un mar de morte, que remata co mozo e o castr\u00f3n vencidos polos piratas e abandonados nun bote na mar alta. O rapto por parte de Lira Mascato, unha aguia xigante que os leva aos dominios de Calpurnia Abana, que resulta ser unha muller vampiro&#8230;<\/p>\n<p><img loading=\"lazy\" decoding=\"async\" class=\"alignright size-medium wp-image-8624\" title=\"Arnoia-2\" src=\"https:\/\/agustinfernandezpaz.gal\/wp-content\/uploads\/2013\/03\/Arnoia-2-230x300.jpg\" alt=\"\" width=\"230\" height=\"300\" srcset=\"https:\/\/agustinfernandezpaz.gal\/wp-content\/uploads\/2013\/03\/Arnoia-2-230x300.jpg 230w, https:\/\/agustinfernandezpaz.gal\/wp-content\/uploads\/2013\/03\/Arnoia-2-231x300.jpg 231w, https:\/\/agustinfernandezpaz.gal\/wp-content\/uploads\/2013\/03\/Arnoia-2-768x999.jpg 768w, https:\/\/agustinfernandezpaz.gal\/wp-content\/uploads\/2013\/03\/Arnoia-2-792x1030.jpg 792w, https:\/\/agustinfernandezpaz.gal\/wp-content\/uploads\/2013\/03\/Arnoia-2-1153x1500.jpg 1153w, https:\/\/agustinfernandezpaz.gal\/wp-content\/uploads\/2013\/03\/Arnoia-2-542x705.jpg 542w, https:\/\/agustinfernandezpaz.gal\/wp-content\/uploads\/2013\/03\/Arnoia-2-450x586.jpg 450w, https:\/\/agustinfernandezpaz.gal\/wp-content\/uploads\/2013\/03\/Arnoia-2-530x689.jpg 530w, https:\/\/agustinfernandezpaz.gal\/wp-content\/uploads\/2013\/03\/Arnoia-2-110x143.jpg 110w, https:\/\/agustinfernandezpaz.gal\/wp-content\/uploads\/2013\/03\/Arnoia-2-786x1024.jpg 786w, https:\/\/agustinfernandezpaz.gal\/wp-content\/uploads\/2013\/03\/Arnoia-2.jpg 1534w\" sizes=\"auto, (max-width: 230px) 100vw, 230px\" \/>\u00abE, por \u00faltimo, a chegada \u00e1<a title=\"A taberna da Galiana\" href=\"http:\/\/atabernadagaliana.blogspot.com.es\/2011\/03\/verdadeira-historia-da-taberna-da.html\" target=\"_blank\"> Taberna da Galiana<\/a>, na que se abren as tres Portas do Regreso. Nmogadah traspasa unha delas, para descubrir que \u00abao abrir a porta s\u00f3 hab\u00eda un grande espello. O espello do armario do meu cuarto (&#8230;) Lembrei que aquela mesma ma\u00f1\u00e1 de primavera eu cumpr\u00eda os dezasete anos e que non hab\u00eda tal regreso a Arnoia porque non houbera Arnoia endexamais (&#8230;) Deixaba eu de ser un Pr\u00edncipe Segredo, igual que todos os moci\u00f1os que se ollan no espello do seu cuarto a ma\u00f1\u00e1 do d\u00eda espantoso que fan dezasete anos\u00bb.<\/p>\n<p>\u00abA aventura, as\u00ed contada, dinos ben pouco. En <em>Arnoia, Arnoia<\/em> hai que se mergullar deica o fondo no texto, inzado de referencias a moitas outras narraci\u00f3ns. Por citar as m\u00e1is evidentes, atopamos m\u00faltiples ecos de <a title=\"Biograf\u00eda de Tolkien\" href=\"http:\/\/www.biografiasyvidas.com\/biografia\/t\/tolkien.htm\" target=\"_blank\">Tolkien<\/a> (tan admirado por Ferr\u00edn), da <a title=\"A materia de Breta\u00f1a e Galicia\" href=\"http:\/\/www.pangalaica.com\/britonia\/contos\/bretanha.htm\" target=\"_blank\">materia de Breta\u00f1a<\/a>, de <a title=\"Biograf\u00eda de Lovecraft\" href=\"http:\/\/www.biografiasyvidas.com\/biografia\/l\/lovecraft.htm\" target=\"_blank\">H. P. Lovecraft<\/a>, das novelas e pel\u00edculas de piratas, de <a title=\"Biograf\u00eda de Cunqueiro\" href=\"http:\/\/www.editorialgalaxia.es\/descargas\/biografia.pdf\" target=\"_blank\">\u00c1lvaro Cunqueiro<\/a> e de <a title=\"Risco na BVG\" href=\"http:\/\/bvg.udc.es\/ficha_autor.jsp?id=VicMart%ED\" target=\"_blank\">Vicente Risco<\/a>, de <a title=\"Vida e obra de Robert Howard\" href=\"http:\/\/www.letrasperdidas.galeon.com\/c_howard00.htm\" target=\"_blank\">Robert Howard<\/a>, (o creador de <em>Conan, o b\u00e1rbaro<\/em>), d&#8217;<em>As mil e unha noites<\/em>&#8230; Todo un mundo mitol\u00f3xico e fant\u00e1stico, e cargado de simbolismo, como sabemos ben quen amamos esa literatura.<\/p>\n<p><img loading=\"lazy\" decoding=\"async\" class=\"alignleft size-full wp-image-8632\" title=\"arnoia_arnoia-2\" src=\"https:\/\/agustinfernandezpaz.gal\/wp-content\/uploads\/2013\/03\/arnoia_arnoia-2.jpg\" alt=\"\" width=\"130\" height=\"203\" srcset=\"https:\/\/agustinfernandezpaz.gal\/wp-content\/uploads\/2013\/03\/arnoia_arnoia-2.jpg 130w, https:\/\/agustinfernandezpaz.gal\/wp-content\/uploads\/2013\/03\/arnoia_arnoia-2-110x171.jpg 110w\" sizes=\"auto, (max-width: 130px) 100vw, 130px\" \/>\u00abQue doado \u00e9 deixarse levar pola engaiolante prosa de Ferr\u00edn, dacabalo entre a \u00e9pica e a poes\u00eda, capaz de nos transportar en breves li\u00f1as aos m\u00e1is diversos espazos, e dunha beleza tan cortante coma o gume da m\u00e1xica espada Milmanda.\u00bb<\/p>\n<p>Ve\u00f1o de reler a novela estes d\u00edas pasados, na vella edici\u00f3n de 1985. Unha lectura que me permitiu comprobar que a novela ga\u00f1ou co paso dos anos. Non \u00e9 nada estra\u00f1o que o propio Ferr\u00edn a recomendase hai pouco nunha s\u00faa visita ao <a title=\"Ferr\u00edn volve ao c\u00e1rcere\" href=\"http:\/\/elpais.com\/diario\/2010\/09\/23\/galicia\/1285237106_850215.html\" target=\"_blank\">c\u00e1rcere de Pereiro de Aguiar<\/a>. A\u00ednda que a edici\u00f3n actual non te\u00f1a a beleza formal da primeira, o texto garda a mesma maxia que descubr\u00edn naquel afastado 1985.<\/p>\n<p>&nbsp;<\/p>\n","protected":false},"excerpt":{"rendered":"<p>(Todos os collages que aparecen nesta entrada son da autoria de Pepe Barro) Arnoia, Arnoia, de Xos\u00e9 Lu\u00eds M\u00e9ndez Ferr\u00edn (Edici\u00f3ns Xerais, 1985) Lembro ben a primeira vez que lin Arnoia, Arnoia, ese l\u00f3strego fascinante que iluminou o ceo de 1985. Daquela, a literatura xuvenil a\u00ednda padec\u00eda moitos dos prexu\u00edzos que logo foi conseguindo vencer [&hellip;]<\/p>\n","protected":false},"author":3,"featured_media":8618,"comment_status":"open","ping_status":"open","sticky":false,"template":"","format":"standard","meta":{"footnotes":""},"categories":[45],"tags":[],"class_list":["post-8641","post","type-post","status-publish","format-standard","has-post-thumbnail","hentry","category-blog-afp"],"_links":{"self":[{"href":"https:\/\/agustinfernandezpaz.gal\/es\/wp-json\/wp\/v2\/posts\/8641","targetHints":{"allow":["GET"]}}],"collection":[{"href":"https:\/\/agustinfernandezpaz.gal\/es\/wp-json\/wp\/v2\/posts"}],"about":[{"href":"https:\/\/agustinfernandezpaz.gal\/es\/wp-json\/wp\/v2\/types\/post"}],"author":[{"embeddable":true,"href":"https:\/\/agustinfernandezpaz.gal\/es\/wp-json\/wp\/v2\/users\/3"}],"replies":[{"embeddable":true,"href":"https:\/\/agustinfernandezpaz.gal\/es\/wp-json\/wp\/v2\/comments?post=8641"}],"version-history":[{"count":0,"href":"https:\/\/agustinfernandezpaz.gal\/es\/wp-json\/wp\/v2\/posts\/8641\/revisions"}],"wp:featuredmedia":[{"embeddable":true,"href":"https:\/\/agustinfernandezpaz.gal\/es\/wp-json\/wp\/v2\/media\/8618"}],"wp:attachment":[{"href":"https:\/\/agustinfernandezpaz.gal\/es\/wp-json\/wp\/v2\/media?parent=8641"}],"wp:term":[{"taxonomy":"category","embeddable":true,"href":"https:\/\/agustinfernandezpaz.gal\/es\/wp-json\/wp\/v2\/categories?post=8641"},{"taxonomy":"post_tag","embeddable":true,"href":"https:\/\/agustinfernandezpaz.gal\/es\/wp-json\/wp\/v2\/tags?post=8641"}],"curies":[{"name":"wp","href":"https:\/\/api.w.org\/{rel}","templated":true}]}}