{"id":6034,"date":"2012-09-18T09:23:20","date_gmt":"2012-09-18T07:23:20","guid":{"rendered":"https:\/\/agustinfernandezpaz.gal\/os-filmes-de-agustin-2\/"},"modified":"2018-09-14T15:21:45","modified_gmt":"2018-09-14T13:21:45","slug":"os-filmes-de-agustin","status":"publish","type":"post","link":"https:\/\/agustinfernandezpaz.gal\/es\/os-filmes-de-agustin\/","title":{"rendered":"Los filmes de Agust\u00edn"},"content":{"rendered":"<p>En el a\u00f1o 2008, Martin Pawley grab\u00f3 este video en el domicilio de AFP para incluirlo en una serie \u00abLos filmes de\u2026\u00bb\u00bb que estaba realizando en su blog Dias Estranhos. En el v\u00eddeo, Fern\u00e1ndez Paz explica brevemente el porqu\u00e9 de la elecci\u00f3n de sus cinco pel\u00edculas preferidas. <\/p>\n<p>Una relaci\u00f3n m\u00e1s completa pode verse en el texto <a href=\"http:\/\/actodeprimavera.blogaliza.org\/2012\/06\/26\/veinte-filmes-1-agustin-fernandez-paz\/  http:\/\/actodeprimavera.blogaliza.org \" target=\"_blank\">Veinte filmes<\/a>: Agust\u00edn Fern\u00e1ndez Paz?, en el joven blog de Martin Pawley, Acto de Primavera.<\/p>\n","protected":false},"excerpt":{"rendered":"<p>En el a\u00f1o 2008, Martin Pawley grab\u00f3 este video en el domicilio de AFP para incluirlo en una serie \u00abLos filmes de\u2026\u00bb\u00bb que estaba realizando en su blog Dias Estranhos. En el v\u00eddeo, Fern\u00e1ndez Paz explica brevemente el porqu\u00e9 de la elecci\u00f3n de sus cinco pel\u00edculas preferidas. Una relaci\u00f3n m\u00e1s completa pode verse en el [&hellip;]<\/p>\n","protected":false},"author":1,"featured_media":18301,"comment_status":"closed","ping_status":"closed","sticky":false,"template":"","format":"standard","meta":{"footnotes":""},"categories":[49],"tags":[],"class_list":["post-6034","post","type-post","status-publish","format-standard","has-post-thumbnail","hentry","category-multimedia-es"],"_links":{"self":[{"href":"https:\/\/agustinfernandezpaz.gal\/es\/wp-json\/wp\/v2\/posts\/6034","targetHints":{"allow":["GET"]}}],"collection":[{"href":"https:\/\/agustinfernandezpaz.gal\/es\/wp-json\/wp\/v2\/posts"}],"about":[{"href":"https:\/\/agustinfernandezpaz.gal\/es\/wp-json\/wp\/v2\/types\/post"}],"author":[{"embeddable":true,"href":"https:\/\/agustinfernandezpaz.gal\/es\/wp-json\/wp\/v2\/users\/1"}],"replies":[{"embeddable":true,"href":"https:\/\/agustinfernandezpaz.gal\/es\/wp-json\/wp\/v2\/comments?post=6034"}],"version-history":[{"count":0,"href":"https:\/\/agustinfernandezpaz.gal\/es\/wp-json\/wp\/v2\/posts\/6034\/revisions"}],"wp:featuredmedia":[{"embeddable":true,"href":"https:\/\/agustinfernandezpaz.gal\/es\/wp-json\/wp\/v2\/media\/18301"}],"wp:attachment":[{"href":"https:\/\/agustinfernandezpaz.gal\/es\/wp-json\/wp\/v2\/media?parent=6034"}],"wp:term":[{"taxonomy":"category","embeddable":true,"href":"https:\/\/agustinfernandezpaz.gal\/es\/wp-json\/wp\/v2\/categories?post=6034"},{"taxonomy":"post_tag","embeddable":true,"href":"https:\/\/agustinfernandezpaz.gal\/es\/wp-json\/wp\/v2\/tags?post=6034"}],"curies":[{"name":"wp","href":"https:\/\/api.w.org\/{rel}","templated":true}]}}