{"id":5428,"date":"2012-09-12T14:53:47","date_gmt":"2012-09-12T14:53:47","guid":{"rendered":"https:\/\/agustinfernandezpaz.gal\/agua-de-beber-revista-clij-2\/"},"modified":"2013-04-22T18:42:43","modified_gmt":"2013-04-22T16:42:43","slug":"agua-de-beber-revista-clij","status":"publish","type":"post","link":"https:\/\/agustinfernandezpaz.gal\/es\/agua-de-beber-revista-clij\/","title":{"rendered":"Agua de beber"},"content":{"rendered":"<p><strong>Este texto publicouse en\u00a0<em>CLIJ. Cuadernos de Literatura Infantil y Juvenil\u00a0 <\/em>(n\u00ba 171, maio de 2004).<\/strong><\/p>\n<p>&nbsp;<\/p>\n<p>Antes de comenzar a escribir estas l\u00edneas, he puesto a mi lado un libro viejo y gastado que aprecio de un modo especial. El lomo, que alg\u00fan d\u00eda fue de tela azul, est\u00e1 ahora tan descolorido que ya casi ni se leen las letras doradas que indican el t\u00edtulo y el autor: \u00abVerne.\u00a0<em>La isla misteriosa<\/em>\u00bb. Algunas de sus hojas tienen en los bordes dibujos y garabatos hechos a l\u00e1piz. Marcas que, como las pinturas prehist\u00f3ricas, remiten a otro tiempo; a un tiempo opresivo y gris, pues s\u00e9 que est\u00e1n hechas por m\u00ed en los primeros a\u00f1os cincuenta, cuando yo era un ni\u00f1o.<\/p>\n<p>Para cualquier persona, este libro ser\u00eda un ejemplar de escaso inter\u00e9s. Pero para m\u00ed es un libro capital, porque era uno de los pocos que hab\u00eda en mi casa y, sobre todo, porque fue la novela con la que mi padre, quiz\u00e1 sin pretenderlo, me contagi\u00f3 su entusiasmo por las historias guardadas en los libros. Fue en sus p\u00e1ginas donde experiment\u00e9 por primera vez la sensaci\u00f3n de que a trav\u00e9s de las palabras pod\u00eda viajar por el tiempo y el espacio, y expandir el territorio sin l\u00edmites de mi imaginaci\u00f3n.<\/p>\n<p>En esos mismos a\u00f1os, el norteamericano\u00a0Ray Bradbury\u00a0escrib\u00eda\u00a0<em>Fahrenheit 451<\/em>. Montag, el protagonista de esta novela, un bombero encargado de quemar los libros en una sociedad en la que leer estaba prohibido, explicaba con demoledora sencillez la raz\u00f3n que lo llevaba a arriesgarlo todo para continuar con su lectura clandestina: \u00abSiento que detr\u00e1s de cada libro hay una persona que me habla\u00bb. Ah\u00ed est\u00e1n las palabras para nombrar el milagro que yo sent\u00eda al abrir\u00a0<em>La isla misteriosa<\/em>\u00a0o los libros que le siguieron.<\/p>\n<p>Pero quien encontr\u00f3 las palabras exactas para explicar la intensidad del deseo que mi padre me contagiaba cada noche fue un hombre que viv\u00eda en Mondo\u00f1edo, a unos treinta kil\u00f3metros de mi casa. Se llamaba \u00c1lvaro Cunqueiro y, tambi\u00e9n en los a\u00f1os cincuenta, escribi\u00f3 que \u00abel hombre precisa en primer lugar, como quien bebe agua, beber sue\u00f1os\u00bb. Beber sue\u00f1os como quien bebe agua: no encuentro mejor manera de expresar la necesidad y el placer que explican la lectura.<\/p>\n<p>Ahora, cuando ya han pasado tantos a\u00f1os, cuando los poderosos nos hablan de una globalizaci\u00f3n hecha a la medida de sus intereses, no puedo olvidar que fue en los libros donde descubr\u00ed mi primera, y m\u00e1s aut\u00e9ntica, globalizaci\u00f3n. Los sue\u00f1os, las pasiones, los miedos, las risas: en los libros est\u00e1n todos los sentimientos y experiencias de las personas, de las que viven conmigo y de las que desaparecieron hace muchos a\u00f1os. Por eso vuelvo a las palabras de Bradbury, y a las de Cunqueiro. Yo no s\u00e9 decirlo mejor, en ellas est\u00e1 la luz que lo ilumina todo.<\/p>\n<p><strong>Descargar PDF completo:<\/strong>\u00a0<a href=\"https:\/\/agustinfernandezpaz.gal\/wp-content\/uploads\/2012\/09\/agua-de-beber.pdf\">agua-de-beber<\/a><\/p>\n","protected":false},"excerpt":{"rendered":"<p>Este texto publicouse en\u00a0CLIJ. Cuadernos de Literatura Infantil y Juvenil\u00a0 (n\u00ba 171, maio de 2004). &nbsp; Antes de comenzar a escribir estas l\u00edneas, he puesto a mi lado un libro viejo y gastado que aprecio de un modo especial. El lomo, que alg\u00fan d\u00eda fue de tela azul, est\u00e1 ahora tan descolorido que ya casi [&hellip;]<\/p>\n","protected":false},"author":1,"featured_media":0,"comment_status":"closed","ping_status":"closed","sticky":false,"template":"","format":"standard","meta":{"footnotes":""},"categories":[40],"tags":[],"class_list":["post-5428","post","type-post","status-publish","format-standard","hentry","category-ensayos"],"_links":{"self":[{"href":"https:\/\/agustinfernandezpaz.gal\/es\/wp-json\/wp\/v2\/posts\/5428","targetHints":{"allow":["GET"]}}],"collection":[{"href":"https:\/\/agustinfernandezpaz.gal\/es\/wp-json\/wp\/v2\/posts"}],"about":[{"href":"https:\/\/agustinfernandezpaz.gal\/es\/wp-json\/wp\/v2\/types\/post"}],"author":[{"embeddable":true,"href":"https:\/\/agustinfernandezpaz.gal\/es\/wp-json\/wp\/v2\/users\/1"}],"replies":[{"embeddable":true,"href":"https:\/\/agustinfernandezpaz.gal\/es\/wp-json\/wp\/v2\/comments?post=5428"}],"version-history":[{"count":0,"href":"https:\/\/agustinfernandezpaz.gal\/es\/wp-json\/wp\/v2\/posts\/5428\/revisions"}],"wp:attachment":[{"href":"https:\/\/agustinfernandezpaz.gal\/es\/wp-json\/wp\/v2\/media?parent=5428"}],"wp:term":[{"taxonomy":"category","embeddable":true,"href":"https:\/\/agustinfernandezpaz.gal\/es\/wp-json\/wp\/v2\/categories?post=5428"},{"taxonomy":"post_tag","embeddable":true,"href":"https:\/\/agustinfernandezpaz.gal\/es\/wp-json\/wp\/v2\/tags?post=5428"}],"curies":[{"name":"wp","href":"https:\/\/api.w.org\/{rel}","templated":true}]}}