{"id":10993,"date":"2015-04-12T19:06:26","date_gmt":"2015-04-12T17:06:26","guid":{"rendered":"https:\/\/agustinfernandezpaz.gal\/entrevista-en-zigzag-tvg2-sobre-amizades-secretas-2\/"},"modified":"2018-09-14T14:17:54","modified_gmt":"2018-09-14T12:17:54","slug":"entrevista-en-zigzag-tvg2-sobre-amizades-secretas","status":"publish","type":"post","link":"https:\/\/agustinfernandezpaz.gal\/es\/entrevista-en-zigzag-tvg2-sobre-amizades-secretas\/","title":{"rendered":"Entrevista \/ reportaje en el programa \u00abZigzag\u00bb-TVG2 (4-4-2015)"},"content":{"rendered":"<p>El programa cultural <a title=\"web do programa Zigzag\" href=\"http:\/\/www.crtvg.es\/tvg\/programas\/zigzag-diario\" target=\"_blank\">\u00abZigzag\u00bb de TVG2<\/a>,\u00a0emiti\u00f3 el pasado 4 de abril una entrevista \/ reportaje sobre el libro <em>Amizades secretas<\/em>, que Agust\u00edn Fern\u00e1ndez Paz acaba de publicar en Rodeira-Edeb\u00e9. Los responsables del programa lo presentaron en su web con estas palabras :<\/p>\n<p style=\"padding-left: 60px;\"><span style=\"color: #000080;\">Nueva obra de uno de los grandes autores gallegos de literatura infantil: Agust\u00edn Fern\u00e1ndez Paz. La fascinaci\u00f3n de los ni\u00f1os y ni\u00f1as por los animales es el eje de <em>Amizades secretas<\/em>, una narraci\u00f3n que tiene la originalidad de estar contada desde una doble perspectiva: la de la familia de los ratones y la de las personas.<\/span><\/p>\n<p>La entrevista \/ reportaje puede verse completa<a title=\"Programa de Zigzag sobre &quot;Amizades secretas&quot;\" href=\"http:\/\/www.crtvg.es\/cultural\/corte-a-corte\/agustin-fernandez-paz-presenta-un-novo-libro-infantil-amizades-secretas\" target=\"_blank\">\u00a0en este enlace<\/a>.<\/p>\n<div><\/div>\n<div><\/div>\n","protected":false},"excerpt":{"rendered":"<p>El programa cultural \u00abZigzag\u00bb de TVG2,\u00a0emiti\u00f3 el pasado 4 de abril una entrevista \/ reportaje sobre el libro Amizades secretas, que Agust\u00edn Fern\u00e1ndez Paz acaba de publicar en Rodeira-Edeb\u00e9. Los responsables del programa lo presentaron en su web con estas palabras : Nueva obra de uno de los grandes autores gallegos de literatura infantil: Agust\u00edn [&hellip;]<\/p>\n","protected":false},"author":3,"featured_media":18188,"comment_status":"closed","ping_status":"closed","sticky":false,"template":"","format":"standard","meta":{"footnotes":""},"categories":[35,49],"tags":[],"class_list":["post-10993","post","type-post","status-publish","format-standard","has-post-thumbnail","hentry","category-entrevistas-2","category-multimedia-es"],"_links":{"self":[{"href":"https:\/\/agustinfernandezpaz.gal\/es\/wp-json\/wp\/v2\/posts\/10993","targetHints":{"allow":["GET"]}}],"collection":[{"href":"https:\/\/agustinfernandezpaz.gal\/es\/wp-json\/wp\/v2\/posts"}],"about":[{"href":"https:\/\/agustinfernandezpaz.gal\/es\/wp-json\/wp\/v2\/types\/post"}],"author":[{"embeddable":true,"href":"https:\/\/agustinfernandezpaz.gal\/es\/wp-json\/wp\/v2\/users\/3"}],"replies":[{"embeddable":true,"href":"https:\/\/agustinfernandezpaz.gal\/es\/wp-json\/wp\/v2\/comments?post=10993"}],"version-history":[{"count":0,"href":"https:\/\/agustinfernandezpaz.gal\/es\/wp-json\/wp\/v2\/posts\/10993\/revisions"}],"wp:featuredmedia":[{"embeddable":true,"href":"https:\/\/agustinfernandezpaz.gal\/es\/wp-json\/wp\/v2\/media\/18188"}],"wp:attachment":[{"href":"https:\/\/agustinfernandezpaz.gal\/es\/wp-json\/wp\/v2\/media?parent=10993"}],"wp:term":[{"taxonomy":"category","embeddable":true,"href":"https:\/\/agustinfernandezpaz.gal\/es\/wp-json\/wp\/v2\/categories?post=10993"},{"taxonomy":"post_tag","embeddable":true,"href":"https:\/\/agustinfernandezpaz.gal\/es\/wp-json\/wp\/v2\/tags?post=10993"}],"curies":[{"name":"wp","href":"https:\/\/api.w.org\/{rel}","templated":true}]}}