{"id":10942,"date":"2015-04-13T11:39:37","date_gmt":"2015-04-13T09:39:37","guid":{"rendered":"https:\/\/agustinfernandezpaz.gal\/la-pagina-escrita-publica-una-extensa-entrevista-con-agustin-fernandez-paz-2\/"},"modified":"2015-05-08T18:29:50","modified_gmt":"2015-05-08T16:29:50","slug":"la-pagina-escrita-publica-una-extensa-entrevista-con-agustin-fernandez-paz","status":"publish","type":"post","link":"https:\/\/agustinfernandezpaz.gal\/es\/la-pagina-escrita-publica-una-extensa-entrevista-con-agustin-fernandez-paz\/","title":{"rendered":"\u00abLa P\u00e1gina Escrita\u00bb publica unha extensa entrevista con Agust\u00edn Fern\u00e1ndez Paz"},"content":{"rendered":"<p>A revista <a title=\"Web da revista La P\u00e1gina Escrita\" href=\"http:\/\/www.lapaginaescrita.com\/\" target=\"_blank\"><em>La P\u00e1gina Escrita<\/em> <\/a>\u00e9 unha publicaci\u00f3n dixital de periodicidade trimestral, editada pola <a title=\"Web da Fundaci\u00f3n Jordi Sierra i Fabra\" href=\"http:\/\/www.sierraifabra.com\/2011\/es_funcacion_JSF.php\" target=\"_blank\">Fundaci\u00f3n Jordi Sierra i Fabra de Barcelona<\/a> e pola <a title=\"Web da Fundaci\u00f3n Taller de Letras\" href=\"http:\/\/www.fundaciontallerdeletras.org\/\" target=\"_blank\">Fundaci\u00f3n Taller de Letras J. Sierra i Fabra de Medell\u00edn<\/a> (Colombia).<\/p>\n<p>Como explican no n\u00famero inicial, <em>es una revista encaminada a los j\u00f3venes (y no tan j\u00f3venes) que deseen convertirse en escritores, as\u00ed como tambi\u00e9n a maestros, educadores, bibliotecarios y cuantos tengan que ver con el mundo de la cultura.<\/em><\/p>\n<p>En cada un dos seus n\u00fameros (e, co deste mes de abril, xa van once), ademais doutras moitas secci\u00f3ns, publican unha longa entrevista cun escritor e outra con ilustrador, pertencentes ambos os dous ao mundo iberoamericano. No n\u00famero 9, Agust\u00edn Fern\u00e1ndez Paz foi o escritor elixido. <a title=\"La P\u00e1gina Escrita, 9\" href=\"http:\/\/www.lapaginaescrita.com\/wp-content\/plugins\/custom-content-library\/magazine\/2014\/09\/\" target=\"_blank\">A revista completa p\u00f3dese ler aqu\u00ed<\/a>.<\/p>\n<p>A entrevista con AFP pode lerse <a title=\"A entrevista a AFP\" href=\"https:\/\/agustinfernandezpaz.gal\/wp-content\/uploads\/2015\/04\/La_pagina_escrita_Agustin-31.pdf\" target=\"_blank\">neste PDF<\/a><\/p>\n<p>&nbsp;<\/p>\n","protected":false},"excerpt":{"rendered":"<p>A revista La P\u00e1gina Escrita \u00e9 unha publicaci\u00f3n dixital de periodicidade trimestral, editada pola Fundaci\u00f3n Jordi Sierra i Fabra de Barcelona e pola Fundaci\u00f3n Taller de Letras J. Sierra i Fabra de Medell\u00edn (Colombia). Como explican no n\u00famero inicial, es una revista encaminada a los j\u00f3venes (y no tan j\u00f3venes) que deseen convertirse en escritores, [&hellip;]<\/p>\n","protected":false},"author":3,"featured_media":10916,"comment_status":"open","ping_status":"open","sticky":false,"template":"","format":"standard","meta":{"footnotes":""},"categories":[35],"tags":[],"class_list":["post-10942","post","type-post","status-publish","format-standard","has-post-thumbnail","hentry","category-entrevistas-2"],"_links":{"self":[{"href":"https:\/\/agustinfernandezpaz.gal\/es\/wp-json\/wp\/v2\/posts\/10942","targetHints":{"allow":["GET"]}}],"collection":[{"href":"https:\/\/agustinfernandezpaz.gal\/es\/wp-json\/wp\/v2\/posts"}],"about":[{"href":"https:\/\/agustinfernandezpaz.gal\/es\/wp-json\/wp\/v2\/types\/post"}],"author":[{"embeddable":true,"href":"https:\/\/agustinfernandezpaz.gal\/es\/wp-json\/wp\/v2\/users\/3"}],"replies":[{"embeddable":true,"href":"https:\/\/agustinfernandezpaz.gal\/es\/wp-json\/wp\/v2\/comments?post=10942"}],"version-history":[{"count":0,"href":"https:\/\/agustinfernandezpaz.gal\/es\/wp-json\/wp\/v2\/posts\/10942\/revisions"}],"wp:featuredmedia":[{"embeddable":true,"href":"https:\/\/agustinfernandezpaz.gal\/es\/wp-json\/wp\/v2\/media\/10916"}],"wp:attachment":[{"href":"https:\/\/agustinfernandezpaz.gal\/es\/wp-json\/wp\/v2\/media?parent=10942"}],"wp:term":[{"taxonomy":"category","embeddable":true,"href":"https:\/\/agustinfernandezpaz.gal\/es\/wp-json\/wp\/v2\/categories?post=10942"},{"taxonomy":"post_tag","embeddable":true,"href":"https:\/\/agustinfernandezpaz.gal\/es\/wp-json\/wp\/v2\/tags?post=10942"}],"curies":[{"name":"wp","href":"https:\/\/api.w.org\/{rel}","templated":true}]}}