{"id":9062,"date":"2013-04-10T22:12:44","date_gmt":"2013-04-10T20:12:44","guid":{"rendered":"https:\/\/agustinfernandezpaz.gal\/gianni-rodari-unha-conversa-imaxinaria-2\/"},"modified":"2013-04-12T09:29:32","modified_gmt":"2013-04-12T07:29:32","slug":"gianni-rodari-unha-conversa-imaxinaria","status":"publish","type":"post","link":"https:\/\/agustinfernandezpaz.gal\/en\/gianni-rodari-unha-conversa-imaxinaria\/","title":{"rendered":"Gianni Rodari: unha conversa imaxinaria"},"content":{"rendered":"<p><!--[if gte mso 9]><xml>\n<w:WordDocument>\n<w:View>Normal<\/w:View>\n<w:Zoom>0<\/w:Zoom>\n<w:HyphenationZone>21<\/w:HyphenationZone>\n<w:PunctuationKerning\/>\n<w:ValidateAgainstSchemas\/>\n<w:SaveIfXMLInvalid>false<\/w:SaveIfXMLInvalid>\n<w:IgnoreMixedContent>false<\/w:IgnoreMixedContent>\n<w:AlwaysShowPlaceholderText>false<\/w:AlwaysShowPlaceholderText>\n<w:Compatibility>\n<w:BreakWrappedTables\/>\n<w:SnapToGridInCell\/>\n<w:WrapTextWithPunct\/>\n<w:UseAsianBreakRules\/>\n<w:DontGrowAutofit\/>\n<\/w:Compatibility>\n<w:BrowserLevel>MicrosoftInternetExplorer4<\/w:BrowserLevel>\n<\/w:WordDocument>\n<\/xml><![endif]--><\/p>\n<p><!--[if gte mso 9]><xml>\n<w:LatentStyles DefLockedState=\"false\" LatentStyleCount=\"156\">\n<\/w:LatentStyles>\n<\/xml><![endif]--><!--[if gte mso 10]>\n\n\n\n<style>\n\/* Style Definitions *\/\ntable.MsoNormalTable\n{mso-style-name:\"T\u00e1boa normal\";\nmso-tstyle-rowband-size:0;\nmso-tstyle-colband-size:0;\nmso-style-noshow:yes;\nmso-style-parent:\"\";\nmso-padding-alt:0cm 5.4pt 0cm 5.4pt;\nmso-para-margin:0cm;\nmso-para-margin-bottom:.0001pt;\nmso-pagination:widow-orphan;\nfont-size:10.0pt;\nfont-family:\"Times New Roman\";\nmso-ansi-language:#0400;\nmso-fareast-language:#0400;\nmso-bidi-language:#0400;}\n<\/style>\n\n<![endif]--><\/p>\n<p class=\"MsoNormal\" style=\"text-align: left;\">(Cartel das Xornadas Municipais de Pedagox\u00eda. Mugardos, 1985. Dese\u00f1o de Inmaculada Reino)<\/p>\n<p class=\"MsoNormal\" style=\"text-align: center;\"><span style=\"color: #800080;\"><strong><span lang=\"GL\">Unha entrevista n&#8217;As Roladas (n\u00ba 8 &#8211; 1980)<\/span><\/strong><\/span><\/p>\n<p class=\"MsoNormal\" style=\"text-align: center;\"><span style=\"color: #000080;\">(Esta entrada \u00e9 continuaci\u00f3n da anterior, <a title=\"Post: &quot;Para que ningu\u00e9n sexa escravo&quot;\" href=\"https:\/\/agustinfernandezpaz.gal\/para-que-ninguen-sexa-escravo\/\" target=\"_blank\">&#8220;Para que ningu\u00e9n sexa escravo&#8221;<\/a>)<\/span><\/p>\n<p class=\"MsoNormal\"><span lang=\"GL\"><img loading=\"lazy\" decoding=\"async\" class=\"alignleft size-medium wp-image-9031\" title=\"Portada-As-Roladas-8B\" src=\"https:\/\/agustinfernandezpaz.gal\/wp-content\/uploads\/2013\/04\/Portada-As-Roladas-8B1-208x300.jpg\" alt=\"\" width=\"208\" height=\"300\" srcset=\"https:\/\/agustinfernandezpaz.gal\/wp-content\/uploads\/2013\/04\/Portada-As-Roladas-8B1-208x300.jpg 208w, https:\/\/agustinfernandezpaz.gal\/wp-content\/uploads\/2013\/04\/Portada-As-Roladas-8B1-489x705.jpg 489w, https:\/\/agustinfernandezpaz.gal\/wp-content\/uploads\/2013\/04\/Portada-As-Roladas-8B1-450x649.jpg 450w, https:\/\/agustinfernandezpaz.gal\/wp-content\/uploads\/2013\/04\/Portada-As-Roladas-8B1-110x158.jpg 110w, https:\/\/agustinfernandezpaz.gal\/wp-content\/uploads\/2013\/04\/Portada-As-Roladas-8B1.jpg 500w\" sizes=\"auto, (max-width: 208px) 100vw, 208px\" \/>Alg\u00fans meses despois da morte da <a title=\"Artigo de Martin Pawlwy sobre Rodari\" href=\"http:\/\/actodeprimavera.blogaliza.org\/2011\/01\/02\/tres-titulos-para-lembrar-a-rodari\/\" target=\"_blank\">Gianni Rodari<\/a>, no outono de 1980 (33 anos xa!), escrib\u00edn un texto que se publicou no n\u00famero 8 da revista <a title=\"Ficha sobre As Roladas\" href=\"http:\/\/bddoc.csic.es:8080\/ver\/ISOC\/revi\/0175.html\" target=\"_blank\"><em style=\"mso-bidi-font-style: normal;\">As Roladas-2<\/em><\/a>, que editabamos os do <a title=\"O movemento Freinet en Espa\u00f1a\" href=\"http:\/\/www.quadernsdigitals.net\/datos_web\/articles\/kikiriki\/k40\/k40pequenya.htm\" target=\"_blank\">MCEPG (Movemento Cooperativo de Escola Popular Galega)<\/a>. Debeu sa\u00edr a finais dese ano ou a primeiros do seguinte, daquela non lles po\u00f1iamos data \u00e1s revistas.<\/span><\/p>\n<p class=\"MsoNormal\"><span lang=\"GL\">Relido agora, desde a distancia, constato que alg\u00fans dos males que eu criticaba no texto xa desapareceron hai tempo; outros seguen a\u00ed, inmunes a todo cambio. Tam\u00e9n hai aspectos que antes defend\u00eda con ardor e que agora matizar\u00eda con gusto. As\u00ed \u00e9 a vida!<\/span><\/p>\n<p class=\"MsoNormal\"><span lang=\"GL\">Mais o importante \u00e9 deixar testemu\u00f1a da fonda influencia que Gianni Rodari exerceu en min e noutras persoas da mi\u00f1a xeraci\u00f3n. Hoxe d\u00e1 gusto ver como a maior\u00eda dos seus libros est\u00e1n ao noso alcance, tam\u00e9n en galego. O nome de Rodari, por fortuna, xa \u00e9 un referente que toda a xente acepta. E a <em style=\"mso-bidi-font-style: normal;\">Gram\u00e1tica da fantas\u00eda<\/em> segue a\u00ed, con tanta ou m\u00e1is vida que cando a lin abraiado por vez primeira.<\/span><\/p>\n<p class=\"MsoNormal\"><span lang=\"GL\"><a title=\"O PDF do artigo\" href=\"https:\/\/agustinfernandezpaz.gal\/wp-content\/uploads\/2013\/04\/Sobre-Rodari-19801.pdf\" target=\"_blank\">Velaqu\u00ed o PDF<\/a> do orixinal da entrevista. E, a seguir, a s\u00faa transcrici\u00f3n, na que s\u00f3 fixen os m\u00ednimos cambios ortogr\u00e1ficos e l\u00e9xicos (as palabras que po\u00f1o ditas por Rodari son todas s\u00faas; pertencen \u00e1 <em>Gram\u00e1tica da fantas\u00eda<\/em> e ao artigo &#8220;Un xoguete chamado libro&#8221;):<\/span><\/p>\n<p class=\"MsoNormal\"><span lang=\"GL\">\u00a0<\/span><\/p>\n<p class=\"MsoNormal\"><span style=\"color: #000080;\"><strong><span lang=\"GL\">GIANNI RODARI: UNHA CONVERSA IMAXINARIA<\/span><\/strong><\/span><\/p>\n<p class=\"MsoNormal\"><span lang=\"GL\">\u00a0<\/span><span lang=\"GL\"><img loading=\"lazy\" decoding=\"async\" class=\"alignright size-medium wp-image-9034\" title=\"Sobre-Rodari-libroB\" src=\"https:\/\/agustinfernandezpaz.gal\/wp-content\/uploads\/2013\/04\/Sobre-Rodari-libroB-196x300.jpg\" alt=\"\" width=\"196\" height=\"300\" srcset=\"https:\/\/agustinfernandezpaz.gal\/wp-content\/uploads\/2013\/04\/Sobre-Rodari-libroB-196x300.jpg 196w, https:\/\/agustinfernandezpaz.gal\/wp-content\/uploads\/2013\/04\/Sobre-Rodari-libroB-461x705.jpg 461w, https:\/\/agustinfernandezpaz.gal\/wp-content\/uploads\/2013\/04\/Sobre-Rodari-libroB-450x689.jpg 450w, https:\/\/agustinfernandezpaz.gal\/wp-content\/uploads\/2013\/04\/Sobre-Rodari-libroB-110x168.jpg 110w, https:\/\/agustinfernandezpaz.gal\/wp-content\/uploads\/2013\/04\/Sobre-Rodari-libroB.jpg 500w\" sizes=\"auto, (max-width: 196px) 100vw, 196px\" \/>Este ver\u00e1n morreu Gianni Rodari. Os xornais, as axencias de noticias, non informaron do seu pasamento. Nin ten sequera tivo, como Piaget, un recunchi\u00f1o polas follas do medio. Porque os xornais te\u00f1en a obriga de ocuparse dos asuntos serios e importantes e \u00bfa quen dia\u00f1o lle pode importar a morte dun italiano que pasou case 30 anos da s\u00faa vida escribindo contos para rapaces (xa se sabe, literatura de segunda clase), que perdeu o tempo facendo de mestre de nenos pequenos e que, para m\u00e1is inri, era militante comunista?<\/span><\/p>\n<p class=\"MsoNormal\"><span lang=\"GL\">Pero a vida d\u00e1 moitas voltas, e agora, cando Rodari desaparece fisicamente, empeza a vivir en Galicia. Porque os seus libros \u2013e sobre todo a s\u00faa <em>Gram\u00e1tica da fantas\u00eda<\/em>\u2014est\u00e1n a ser lidos e utilizados por moitos mestres e mestras da nosa terra.<\/span><\/p>\n<p class=\"MsoNormal\"><span lang=\"GL\">Unha noite deste outono andaba eu a voltas cos libros de Rodari. Lembraba a Montag, o protagonista de <a title=\"O libro de Bradbury, en Xerais\" href=\"http:\/\/xerais.es\/libro.php?id=871647\" target=\"_blank\"><em>Farenheith 451<\/em><\/a>, cando di que \u00abdetr\u00e1s de cada libro hai un home que me fala\u00bb. No noso pa\u00eds as noites son longas e propician as conversas. E, por outra banda, falar cos mortos \u00e9 algo vivo e coti\u00e1 na nosa cultura popular. As\u00ed que non me resultou estra\u00f1o atoparme, logo dun longo silencio, co meu amigo italiano. A idea de facerlle unha entrevista foi cousa s\u00faa e sa\u00edu case sen decat\u00e1rmonos. O que transcribo a seguir \u00e9 un resumo desa conversa:<\/span><\/p>\n<p class=\"MsoNormal\"><span lang=\"GL\"><img loading=\"lazy\" decoding=\"async\" class=\"alignleft size-medium wp-image-9053\" title=\"Libro Rodari 2B\" src=\"https:\/\/agustinfernandezpaz.gal\/wp-content\/uploads\/2013\/04\/Libro-Rodari-2B2-206x300.jpg\" alt=\"\" width=\"206\" height=\"300\" srcset=\"https:\/\/agustinfernandezpaz.gal\/wp-content\/uploads\/2013\/04\/Libro-Rodari-2B2-206x300.jpg 206w, https:\/\/agustinfernandezpaz.gal\/wp-content\/uploads\/2013\/04\/Libro-Rodari-2B2-207x300.jpg 207w, https:\/\/agustinfernandezpaz.gal\/wp-content\/uploads\/2013\/04\/Libro-Rodari-2B2-486x705.jpg 486w, https:\/\/agustinfernandezpaz.gal\/wp-content\/uploads\/2013\/04\/Libro-Rodari-2B2-450x653.jpg 450w, https:\/\/agustinfernandezpaz.gal\/wp-content\/uploads\/2013\/04\/Libro-Rodari-2B2-110x159.jpg 110w, https:\/\/agustinfernandezpaz.gal\/wp-content\/uploads\/2013\/04\/Libro-Rodari-2B2.jpg 500w\" sizes=\"auto, (max-width: 206px) 100vw, 206px\" \/>&#8211;Escoita, Rodari: antes de comezar a entrevista propiamente dita conv\u00e9n que co\u00f1ezas un pouco a realidade da escola galega, tan distinta das experiencias italianas. Aqu\u00ed, en Galicia, a escola non s\u00f3 tenta reproducir e asentar os valores das clases dominantes, o mesmo que no resto do Estado Espa\u00f1ol, sen\u00f3n que ademais \u00e9 o axente dun peculiar proceso colonial, impo\u00f1endo moitas veces unha lingua e uns contidos que non te\u00f1en nada que ver coa nosa realidade. Isto fai que as porcentaxes de fracaso escolar acaden unhas cifras de esc\u00e1ndalo. Ti, nos teus escritos, defendes a creatividade, a fantas\u00eda, o xogo coas palabras. \u00bfIso non ser\u00e1 un perder o tempo, un tempo que deber\u00eda dedicarse a uns contidos m\u00e1is \u00fatiles?<\/span><\/p>\n<p class=\"MsoNormal\"><span style=\"color: #000080;\" lang=\"GL\">&#8211;A creatividade e a fantas\u00eda serven \u00e1s persoas precisamente porque en aparencia non serven para nada. Pero serven ao home completo. Se unha sociedade baseada no mito da produtividade s\u00f3 ten necesidade de homes mutilados &#8211;fieis executores, dilixentes reprodutores, d\u00f3ciles instrumentos sen vontade\u2014quere dicir que est\u00e1 mal feita e que \u00e9 necesario cambiala. Para cambiala son necesarios homes e mulleres creativos, que saiban utilizar a imaxinaci\u00f3n. Desenvolvamos a creatividade de todos, para transformar o mundo.<\/span><\/p>\n<p class=\"MsoNormal\"><span lang=\"GL\">&#8211;Penso que son moitos os ensinantes que est\u00e1n de acordo con estas ideas t\u00faas. Pero que, na pr\u00e1ctica, relegan as actividades creativas a un plano secundario, a unha especie de actividade para os tempos libres. \u00bfQue pensas sobre isto?<\/span><\/p>\n<p class=\"MsoNormal\"><span style=\"color: #000080;\" lang=\"GL\">&#8211;\u00c9 imposible concibir unha escola que se fundamente na actividade do neno, no seu esp\u00edrito de investigaci\u00f3n e na s\u00faa creatividade, se non se lle concede \u00e1 imaxinaci\u00f3n o lugar que merece na educaci\u00f3n. O cal significa que entre as tarefas do educador-animador est\u00e1 a de estimular a imaxinaci\u00f3n dos nenos, ceib\u00e1ndoa das precoces cadeas con que a atan os condicionamentos familiares e sociais, alentala a competir consigo mesma, a deixar de ser imaxinaci\u00f3n que consume para se transformar en imaxinaci\u00f3n que crea.<\/span><\/p>\n<p class=\"MsoNormal\"><img loading=\"lazy\" decoding=\"async\" class=\"aligncenter size-full wp-image-9040\" title=\"Rodari-13\" src=\"https:\/\/agustinfernandezpaz.gal\/wp-content\/uploads\/2013\/04\/Rodari-132.jpg\" alt=\"\" width=\"512\" height=\"272\" srcset=\"https:\/\/agustinfernandezpaz.gal\/wp-content\/uploads\/2013\/04\/Rodari-132.jpg 512w, https:\/\/agustinfernandezpaz.gal\/wp-content\/uploads\/2013\/04\/Rodari-132-300x159.jpg 300w, https:\/\/agustinfernandezpaz.gal\/wp-content\/uploads\/2013\/04\/Rodari-132-450x239.jpg 450w, https:\/\/agustinfernandezpaz.gal\/wp-content\/uploads\/2013\/04\/Rodari-132-110x58.jpg 110w\" sizes=\"auto, (max-width: 512px) 100vw, 512px\" \/><\/p>\n<p class=\"MsoNormal\"><span lang=\"GL\">&#8211;Pero, \u00bfonde queda ent\u00f3n a xerarqu\u00eda entre as distintas materias? \u00bfAcaso non son unhas m\u00e1is importantes ca outras?<\/span><\/p>\n<p class=\"MsoNormal\"><span style=\"color: #000080;\" lang=\"GL\">&#8211;\u00c9 que non debe haber ning\u00fan tipo de xerarqu\u00eda entre as distintas materias. Hai, no fondo, unha soa materia: a realidade, enfocada desde todos os puntos de vista, comezando desde a realidade pr\u00f3xima, a comunidade escolar, o xeito de estar e de traballar xuntos. Nunha escola deste tipo o neno xa non est\u00e1 como consumidor de cultura e de valores, sen\u00f3n como produtor e como creador de valores e de cultura.<\/span><\/p>\n<p class=\"MsoNormal\"><span lang=\"GL\">&#8211;Por esta resposta n\u00f3taseche ben o teu vencello co Movemento di Cooperazione Educativa, que parte do herdo de Freinet. E para n\u00f3s, aqu\u00ed en Galicia, \u00e9 importante que fales con tanta claridade. Porque estase a dar o perigo, nun af\u00e1n de \u201cposta ao d\u00eda\u201d, de coller as t\u00e9cnicas que se derivan das novas correntes pedag\u00f3xicas, esquecendo a filosof\u00eda que subxace nelas. Collendo a casca e deixando o miolo, co que a renovaci\u00f3n educativa \u00e9 s\u00f3 aparente. \u00bfNon che parece?<\/span><\/p>\n<p class=\"MsoNormal\"><span style=\"color: #000080;\" lang=\"GL\">&#8211;Estou de acordo. Porque entre unha escola morta e unha escola viva, a discriminaci\u00f3n m\u00e1is grande \u00e9 precisamente finxir que a escola para \u00abconsumidores\u00bb, que est\u00e1 morta, segue viva, porque este finximento non a afastar\u00e1 da putrefacci\u00f3n (que se est\u00e1 a producir ante os nosos ollos). Unha escola viva e nova s\u00f3 pode ser se \u00e9 para creadores.<\/span><\/p>\n<p>\u00a0<iframe loading=\"lazy\" src=\"http:\/\/www.youtube.com\/embed\/kXKxANC3ozs?feature=player_embedded\" frameborder=\"0\" width=\"100%\" height=\"360\"><\/iframe><\/p>\n<p class=\"MsoNormal\"><span lang=\"GL\">&#8211;\u00bfE que me dis das clases de lingua? Aqu\u00ed segue a confundirse a lingua coa gram\u00e1tica, esquecendo que o fundamental son as actividades expresivas, deixando de lado os cada vez m\u00e1is importantes medios de comunicaci\u00f3n, refugando o car\u00e1cter l\u00fadico&#8230; \u00a1con dicirche que hai clases de lingua onde os rapaces non falan! \u00bfTi viches paradoxo semellante?<\/span><\/p>\n<p class=\"MsoNormal\"><span style=\"color: #000080;\" lang=\"GL\">&#8211;Que pase iso \u00e9 consecuencia do afastamento da creatividade. Pero, ademais, ao xulgar os textos infant\u00eds, por desgraza, a escola dirixe especialmente a s\u00faa atenci\u00f3n ao seu nivel ortogr\u00e1fico-gramatical-sint\u00e1ctico, que non chega nin tan sequera ao nivel propiamente ling\u00fc\u00edstico, ademais de esquecer totalmente o mundo dos sentidos. A cuesti\u00f3n \u00e9 que na escola lense os textos para xulgalos e clasificalos, non para comprendelos. A peneira da correcci\u00f3n ret\u00e9n e revaloriza os croios, deixando pasar o ouro.<\/span><\/p>\n<p class=\"MsoNormal\"><span lang=\"GL\"><img loading=\"lazy\" decoding=\"async\" class=\"alignleft size-medium wp-image-9057\" title=\"Artigo As Roladas-B\" src=\"https:\/\/agustinfernandezpaz.gal\/wp-content\/uploads\/2013\/04\/Artigo-As-Roladas-B3-216x300.jpg\" alt=\"\" width=\"216\" height=\"300\" srcset=\"https:\/\/agustinfernandezpaz.gal\/wp-content\/uploads\/2013\/04\/Artigo-As-Roladas-B3-216x300.jpg 216w, https:\/\/agustinfernandezpaz.gal\/wp-content\/uploads\/2013\/04\/Artigo-As-Roladas-B3-450x624.jpg 450w, https:\/\/agustinfernandezpaz.gal\/wp-content\/uploads\/2013\/04\/Artigo-As-Roladas-B3-110x152.jpg 110w, https:\/\/agustinfernandezpaz.gal\/wp-content\/uploads\/2013\/04\/Artigo-As-Roladas-B3.jpg 500w\" sizes=\"auto, (max-width: 216px) 100vw, 216px\" \/>&#8211;Outro problema \u00e9 o da lectura. Os nosos nenos e nenas non len, ou len por obriga, porque \u00e9 un traballo que se lles manda na escola. Ti falas, nun fermoso artigo publicado en <em style=\"mso-bidi-font-style: normal;\">Cuadernos de Pedagog\u00eda<\/em>, do libro como xoguete e como instrumento para a apertura ao mundo. \u00bfPoder\u00edas explicar algo m\u00e1is esta idea?<\/span><\/p>\n<p class=\"MsoNormal\"><span style=\"color: #000080;\" lang=\"GL\">&#8212;<span style=\"letter-spacing: -0.15pt;\">O encontro decisivo entre os nenos e os libros prod\u00facese nos pupitres da escola. Se se d\u00e1 nunha situaci\u00f3n creativa, onde o que conta \u00e9 a vida e non o exercicio, o resultado ser\u00e1 o gusto pola lectura, co que non se nace, porque non \u00e9 un instinto. Se se produce nunha situaci\u00f3n burocr\u00e1tica, se o libro \u00e9 reducido a instrumento de exercitaci\u00f3n (copias, resumos, an\u00e1lises gramaticais), sufocado polo mecanismo tradicional \u201cpregunta-xu\u00edzo\u201d, poder\u00e1 nacer a t\u00e9cnica da lectura, pero non o gusto. Os nenos poder\u00e1n ler, pero s\u00f3 o far\u00e1n se se senten obrigados a iso. E \u00e1 marxe da obriga refuxiaranse nos c\u00f3mics, a\u00ednda que sexan capaces de lecturas m\u00e1is complexas e m\u00e1is ricas, quizais s\u00f3 porque os c\u00f3mics a\u00ednda non foron \u00abcontaminados\u00bb pola escola.<\/span><\/span><\/p>\n<p class=\"MsoNormal\"><span lang=\"GL\">A conversa a\u00ednda durou ben m\u00e1is. Falamos da importancia dos contos populares (el publicou no 1970 unha <em>Enciclopedia das f\u00e1bulas<\/em>, na que recolle m\u00e1is de 800) e da s\u00faa utilizaci\u00f3n na escola, seguindo as propostas que fai na s\u00faa <em>Gram\u00e1tica da fantas\u00eda<\/em>; falamos dos c\u00f3mics e das s\u00faas posibilidades expresivas, das que \u00e9 un gran defensor; falamos da literatura infantil (da boa, non dos suced\u00e1neos edulcorados), insuficientemente valorada e moitas veces desco\u00f1ecida. Aqu\u00ed \u00e9 inevitable a referencia ao propio Rodari: m\u00e1is de vinte libros publicados, Premio Andersen no ano 1970 e segue sendo, polo menos no noso pa\u00eds, case un desco\u00f1ecido.<\/span><\/p>\n<p class=\"MsoNormal\"><span lang=\"GL\">Cando rematamos de falar eu ti\u00f1a ben clara unha idea: se hai unha ducia de libros que deberan ser de lectura obrigada para todo mestre, a <em>Gram\u00e1tica da fantas\u00eda<\/em> \u00e9 un deles. \u00c9 a ferramenta que nos deixou Rodari, xunto cos seus contos, para axudarmos no proceso de transformaci\u00f3n da escola.<\/span><\/p>\n<p class=\"MsoNormal\"><span lang=\"GL\">Mugardos, outono de 1980<\/span><\/p>\n","protected":false},"excerpt":{"rendered":"<p>(Cartel das Xornadas Municipais de Pedagox\u00eda. Mugardos, 1985. Dese\u00f1o de Inmaculada Reino) Unha entrevista n&#8217;As Roladas (n\u00ba 8 &#8211; 1980) (Esta entrada \u00e9 continuaci\u00f3n da anterior, &#8220;Para que ningu\u00e9n sexa escravo&#8221;) Alg\u00fans meses despois da morte da Gianni Rodari, no outono de 1980 (33 anos xa!), escrib\u00edn un texto que se publicou no n\u00famero 8 [&hellip;]<\/p>\n","protected":false},"author":3,"featured_media":9035,"comment_status":"open","ping_status":"open","sticky":false,"template":"","format":"standard","meta":{"footnotes":""},"categories":[46],"tags":[],"class_list":["post-9062","post","type-post","status-publish","format-standard","has-post-thumbnail","hentry","category-blog-en"],"_links":{"self":[{"href":"https:\/\/agustinfernandezpaz.gal\/en\/wp-json\/wp\/v2\/posts\/9062","targetHints":{"allow":["GET"]}}],"collection":[{"href":"https:\/\/agustinfernandezpaz.gal\/en\/wp-json\/wp\/v2\/posts"}],"about":[{"href":"https:\/\/agustinfernandezpaz.gal\/en\/wp-json\/wp\/v2\/types\/post"}],"author":[{"embeddable":true,"href":"https:\/\/agustinfernandezpaz.gal\/en\/wp-json\/wp\/v2\/users\/3"}],"replies":[{"embeddable":true,"href":"https:\/\/agustinfernandezpaz.gal\/en\/wp-json\/wp\/v2\/comments?post=9062"}],"version-history":[{"count":0,"href":"https:\/\/agustinfernandezpaz.gal\/en\/wp-json\/wp\/v2\/posts\/9062\/revisions"}],"wp:featuredmedia":[{"embeddable":true,"href":"https:\/\/agustinfernandezpaz.gal\/en\/wp-json\/wp\/v2\/media\/9035"}],"wp:attachment":[{"href":"https:\/\/agustinfernandezpaz.gal\/en\/wp-json\/wp\/v2\/media?parent=9062"}],"wp:term":[{"taxonomy":"category","embeddable":true,"href":"https:\/\/agustinfernandezpaz.gal\/en\/wp-json\/wp\/v2\/categories?post=9062"},{"taxonomy":"post_tag","embeddable":true,"href":"https:\/\/agustinfernandezpaz.gal\/en\/wp-json\/wp\/v2\/tags?post=9062"}],"curies":[{"name":"wp","href":"https:\/\/api.w.org\/{rel}","templated":true}]}}