{"id":7877,"date":"2012-12-04T15:02:25","date_gmt":"2012-12-04T13:02:25","guid":{"rendered":"https:\/\/agustinfernandezpaz.gal\/entrevista-no-programa-eirado-tvg-1-12-2012-2\/"},"modified":"2018-09-14T14:23:52","modified_gmt":"2018-09-14T12:23:52","slug":"entrevista-no-programa-eirado-tvg-1-12-2012","status":"publish","type":"post","link":"https:\/\/agustinfernandezpaz.gal\/en\/entrevista-no-programa-eirado-tvg-1-12-2012\/","title":{"rendered":"Entrevista no programa &#8220;Eirado&#8221; (TVG, 1-12-2012)"},"content":{"rendered":"<p>No programa <em>Eirado<\/em>, emitido na TVG o pasado 1 de decembro, Pem\u00f3n Bouzas mantivo unha extensa conversa con Agust\u00edn Fern\u00e1ndez Paz. A entrevista xirou, en grande medida, arredor de <em>O rastro que deixamos<\/em>, o libro que o escritor v\u00e9n de publicar hai unhas semanas en Edici\u00f3ns Xerais. Estruturado en d\u00faas partes, &#8220;As paisaxes da memoria&#8221; e &#8220;O oficio de escribir&#8221;, o libro mestura textos ensa\u00edsticos con outros de ficci\u00f3n.<\/p>\n","protected":false},"excerpt":{"rendered":"<p>No programa Eirado, emitido na TVG o pasado 1 de decembro, Pem\u00f3n Bouzas mantivo unha extensa conversa con Agust\u00edn Fern\u00e1ndez Paz. A entrevista xirou, en grande medida, arredor de O rastro que deixamos, o libro que o escritor v\u00e9n de publicar hai unhas semanas en Edici\u00f3ns Xerais. Estruturado en d\u00faas partes, &#8220;As paisaxes da memoria&#8221; [&hellip;]<\/p>\n","protected":false},"author":3,"featured_media":18208,"comment_status":"closed","ping_status":"closed","sticky":false,"template":"","format":"standard","meta":{"footnotes":""},"categories":[48],"tags":[],"class_list":["post-7877","post","type-post","status-publish","format-standard","has-post-thumbnail","hentry","category-multimedia-en"],"_links":{"self":[{"href":"https:\/\/agustinfernandezpaz.gal\/en\/wp-json\/wp\/v2\/posts\/7877","targetHints":{"allow":["GET"]}}],"collection":[{"href":"https:\/\/agustinfernandezpaz.gal\/en\/wp-json\/wp\/v2\/posts"}],"about":[{"href":"https:\/\/agustinfernandezpaz.gal\/en\/wp-json\/wp\/v2\/types\/post"}],"author":[{"embeddable":true,"href":"https:\/\/agustinfernandezpaz.gal\/en\/wp-json\/wp\/v2\/users\/3"}],"replies":[{"embeddable":true,"href":"https:\/\/agustinfernandezpaz.gal\/en\/wp-json\/wp\/v2\/comments?post=7877"}],"version-history":[{"count":0,"href":"https:\/\/agustinfernandezpaz.gal\/en\/wp-json\/wp\/v2\/posts\/7877\/revisions"}],"wp:featuredmedia":[{"embeddable":true,"href":"https:\/\/agustinfernandezpaz.gal\/en\/wp-json\/wp\/v2\/media\/18208"}],"wp:attachment":[{"href":"https:\/\/agustinfernandezpaz.gal\/en\/wp-json\/wp\/v2\/media?parent=7877"}],"wp:term":[{"taxonomy":"category","embeddable":true,"href":"https:\/\/agustinfernandezpaz.gal\/en\/wp-json\/wp\/v2\/categories?post=7877"},{"taxonomy":"post_tag","embeddable":true,"href":"https:\/\/agustinfernandezpaz.gal\/en\/wp-json\/wp\/v2\/tags?post=7877"}],"curies":[{"name":"wp","href":"https:\/\/api.w.org\/{rel}","templated":true}]}}