{"id":6033,"date":"2012-09-18T09:23:20","date_gmt":"2012-09-18T07:23:20","guid":{"rendered":"https:\/\/agustinfernandezpaz.gal\/os-filmes-de-agustin-2\/"},"modified":"2018-09-14T15:21:20","modified_gmt":"2018-09-14T13:21:20","slug":"os-filmes-de-agustin","status":"publish","type":"post","link":"https:\/\/agustinfernandezpaz.gal\/en\/os-filmes-de-agustin\/","title":{"rendered":"Os filmes de Agust\u00edn"},"content":{"rendered":"<p>No ano 2008, Martin Pawley gravou este v\u00eddeo no domicilio de AFP para inclu\u00edlo nunha serie \u201cOs filmes de\u2026\u201d que estaba a realizar no seu blog Dias Estranhos. No v\u00eddeo, Fern\u00e1ndez Paz explica brevemente o porqu\u00e9 da elecci\u00f3n das s\u00faas cinco pel\u00edculas preferidas.<\/p>\n<p>Unha relaci\u00f3n m\u00e1is completa pode verse no texto \u201c<a href=\"http:\/\/actodeprimavera.blogaliza.org\/2012\/06\/26\/vinte-filmes-1-agustin-fernandez-paz\/ http:\/\/actodeprimavera.blogaliza.org\/\" target=\"_blank\">Vinte filmes<\/a> (1): Agust\u00edn Fern\u00e1ndez Paz\u201d, no novo blog de Martin Pawley, Acto de Primavera.<\/p>\n","protected":false},"excerpt":{"rendered":"<p>No ano 2008, Martin Pawley gravou este v\u00eddeo no domicilio de AFP para inclu\u00edlo nunha serie \u201cOs filmes de\u2026\u201d que estaba a realizar no seu blog Dias Estranhos. No v\u00eddeo, Fern\u00e1ndez Paz explica brevemente o porqu\u00e9 da elecci\u00f3n das s\u00faas cinco pel\u00edculas preferidas. Unha relaci\u00f3n m\u00e1is completa pode verse no texto \u201cVinte filmes (1): Agust\u00edn [&hellip;]<\/p>\n","protected":false},"author":1,"featured_media":18300,"comment_status":"closed","ping_status":"closed","sticky":false,"template":"","format":"standard","meta":{"footnotes":""},"categories":[48],"tags":[],"class_list":["post-6033","post","type-post","status-publish","format-standard","has-post-thumbnail","hentry","category-multimedia-en"],"_links":{"self":[{"href":"https:\/\/agustinfernandezpaz.gal\/en\/wp-json\/wp\/v2\/posts\/6033","targetHints":{"allow":["GET"]}}],"collection":[{"href":"https:\/\/agustinfernandezpaz.gal\/en\/wp-json\/wp\/v2\/posts"}],"about":[{"href":"https:\/\/agustinfernandezpaz.gal\/en\/wp-json\/wp\/v2\/types\/post"}],"author":[{"embeddable":true,"href":"https:\/\/agustinfernandezpaz.gal\/en\/wp-json\/wp\/v2\/users\/1"}],"replies":[{"embeddable":true,"href":"https:\/\/agustinfernandezpaz.gal\/en\/wp-json\/wp\/v2\/comments?post=6033"}],"version-history":[{"count":0,"href":"https:\/\/agustinfernandezpaz.gal\/en\/wp-json\/wp\/v2\/posts\/6033\/revisions"}],"wp:featuredmedia":[{"embeddable":true,"href":"https:\/\/agustinfernandezpaz.gal\/en\/wp-json\/wp\/v2\/media\/18300"}],"wp:attachment":[{"href":"https:\/\/agustinfernandezpaz.gal\/en\/wp-json\/wp\/v2\/media?parent=6033"}],"wp:term":[{"taxonomy":"category","embeddable":true,"href":"https:\/\/agustinfernandezpaz.gal\/en\/wp-json\/wp\/v2\/categories?post=6033"},{"taxonomy":"post_tag","embeddable":true,"href":"https:\/\/agustinfernandezpaz.gal\/en\/wp-json\/wp\/v2\/tags?post=6033"}],"curies":[{"name":"wp","href":"https:\/\/api.w.org\/{rel}","templated":true}]}}