{"id":6029,"date":"2012-09-18T09:22:31","date_gmt":"2012-09-18T07:22:31","guid":{"rendered":"https:\/\/agustinfernandezpaz.gal\/videoteca-aelg-de-agustin-fernandez-paz-3-2\/"},"modified":"2018-09-14T15:22:51","modified_gmt":"2018-09-14T13:22:51","slug":"videoteca-aelg-de-agustin-fernandez-paz-3","status":"publish","type":"post","link":"https:\/\/agustinfernandezpaz.gal\/en\/videoteca-aelg-de-agustin-fernandez-paz-3\/","title":{"rendered":"Videoteca AELG: Lectura de &#8220;O \u00fanico que queda \u00e9 o amor&#8221;."},"content":{"rendered":"<div class='avia-iframe-wrap'><iframe loading=\"lazy\" width=\"1500\" height=\"844\" src=\"https:\/\/www.youtube.com\/embed\/gqUwsGelA7c?feature=oembed\" frameborder=\"0\" allow=\"autoplay; encrypted-media\" allowfullscreen><\/iframe><\/div>\n<p>Este v\u00eddeo enc\u00e1drase na ampla videoteca que a AELG (Asociaci\u00f3n de Escritores en Lingua Galega) v\u00e9n formando desde hai anos, co prop\u00f3sito de recoller a voz e a imaxe dos seus membros. Nesta gravaci\u00f3n, Fern\u00e1ndez Paz le un fragmento do relato \u201cEsta estra\u00f1a lucidez\u201d, pertencente ao libro <em>O \u00fanico que queda \u00e9 o amor<\/em>.<\/p>\n","protected":false},"excerpt":{"rendered":"<p>Este v\u00eddeo enc\u00e1drase na ampla videoteca que a AELG (Asociaci\u00f3n de Escritores en Lingua Galega) v\u00e9n formando desde hai anos, co prop\u00f3sito de recoller a voz e a imaxe dos seus membros. Nesta gravaci\u00f3n, Fern\u00e1ndez Paz le un fragmento do relato \u201cEsta estra\u00f1a lucidez\u201d, pertencente ao libro O \u00fanico que queda \u00e9 o amor.<\/p>\n","protected":false},"author":1,"featured_media":18308,"comment_status":"closed","ping_status":"closed","sticky":false,"template":"","format":"standard","meta":{"footnotes":""},"categories":[48],"tags":[],"class_list":["post-6029","post","type-post","status-publish","format-standard","has-post-thumbnail","hentry","category-multimedia-en"],"_links":{"self":[{"href":"https:\/\/agustinfernandezpaz.gal\/en\/wp-json\/wp\/v2\/posts\/6029","targetHints":{"allow":["GET"]}}],"collection":[{"href":"https:\/\/agustinfernandezpaz.gal\/en\/wp-json\/wp\/v2\/posts"}],"about":[{"href":"https:\/\/agustinfernandezpaz.gal\/en\/wp-json\/wp\/v2\/types\/post"}],"author":[{"embeddable":true,"href":"https:\/\/agustinfernandezpaz.gal\/en\/wp-json\/wp\/v2\/users\/1"}],"replies":[{"embeddable":true,"href":"https:\/\/agustinfernandezpaz.gal\/en\/wp-json\/wp\/v2\/comments?post=6029"}],"version-history":[{"count":0,"href":"https:\/\/agustinfernandezpaz.gal\/en\/wp-json\/wp\/v2\/posts\/6029\/revisions"}],"wp:featuredmedia":[{"embeddable":true,"href":"https:\/\/agustinfernandezpaz.gal\/en\/wp-json\/wp\/v2\/media\/18308"}],"wp:attachment":[{"href":"https:\/\/agustinfernandezpaz.gal\/en\/wp-json\/wp\/v2\/media?parent=6029"}],"wp:term":[{"taxonomy":"category","embeddable":true,"href":"https:\/\/agustinfernandezpaz.gal\/en\/wp-json\/wp\/v2\/categories?post=6029"},{"taxonomy":"post_tag","embeddable":true,"href":"https:\/\/agustinfernandezpaz.gal\/en\/wp-json\/wp\/v2\/tags?post=6029"}],"curies":[{"name":"wp","href":"https:\/\/api.w.org\/{rel}","templated":true}]}}