{"id":6021,"date":"2012-09-18T09:20:04","date_gmt":"2012-09-18T07:20:04","guid":{"rendered":"https:\/\/agustinfernandezpaz.gal\/videoteca-aelg-de-agustin-fernandez-paz-2\/"},"modified":"2018-09-17T08:22:44","modified_gmt":"2018-09-17T06:22:44","slug":"videoteca-aelg-de-agustin-fernandez-paz","status":"publish","type":"post","link":"https:\/\/agustinfernandezpaz.gal\/en\/videoteca-aelg-de-agustin-fernandez-paz\/","title":{"rendered":"Videoteca AELG: Entrevista sobre o oficio de escribir"},"content":{"rendered":"<div class='avia-iframe-wrap'><iframe loading=\"lazy\" width=\"1500\" height=\"844\" src=\"https:\/\/www.youtube.com\/embed\/wbZtZ6ecUfc?feature=oembed\" frameborder=\"0\" allow=\"autoplay; encrypted-media\" allowfullscreen><\/iframe><\/div>\n<p>Este v\u00eddeo forma parte da ampla videoteca que a AELG (Asociaci\u00f3n de Escritores en Lingua Galega) v\u00e9n formando desde hai anos, coa intenci\u00f3n de recoller a voz e a imaxe dos seus membros. Nesta breve entrevista, Fern\u00e1ndez Paz conta os seus primeiros pasos como escritor e salienta a estreita conexi\u00f3n entre a lectura e a escritura.<\/p>\n","protected":false},"excerpt":{"rendered":"<p>Este v\u00eddeo forma parte da ampla videoteca que a AELG (Asociaci\u00f3n de Escritores en Lingua Galega) v\u00e9n formando desde hai anos, coa intenci\u00f3n de recoller a voz e a imaxe dos seus membros. Nesta breve entrevista, Fern\u00e1ndez Paz conta os seus primeiros pasos como escritor e salienta a estreita conexi\u00f3n entre a lectura e a [&hellip;]<\/p>\n","protected":false},"author":1,"featured_media":18328,"comment_status":"closed","ping_status":"closed","sticky":false,"template":"","format":"standard","meta":{"footnotes":""},"categories":[48],"tags":[],"class_list":["post-6021","post","type-post","status-publish","format-standard","has-post-thumbnail","hentry","category-multimedia-en"],"_links":{"self":[{"href":"https:\/\/agustinfernandezpaz.gal\/en\/wp-json\/wp\/v2\/posts\/6021","targetHints":{"allow":["GET"]}}],"collection":[{"href":"https:\/\/agustinfernandezpaz.gal\/en\/wp-json\/wp\/v2\/posts"}],"about":[{"href":"https:\/\/agustinfernandezpaz.gal\/en\/wp-json\/wp\/v2\/types\/post"}],"author":[{"embeddable":true,"href":"https:\/\/agustinfernandezpaz.gal\/en\/wp-json\/wp\/v2\/users\/1"}],"replies":[{"embeddable":true,"href":"https:\/\/agustinfernandezpaz.gal\/en\/wp-json\/wp\/v2\/comments?post=6021"}],"version-history":[{"count":0,"href":"https:\/\/agustinfernandezpaz.gal\/en\/wp-json\/wp\/v2\/posts\/6021\/revisions"}],"wp:featuredmedia":[{"embeddable":true,"href":"https:\/\/agustinfernandezpaz.gal\/en\/wp-json\/wp\/v2\/media\/18328"}],"wp:attachment":[{"href":"https:\/\/agustinfernandezpaz.gal\/en\/wp-json\/wp\/v2\/media?parent=6021"}],"wp:term":[{"taxonomy":"category","embeddable":true,"href":"https:\/\/agustinfernandezpaz.gal\/en\/wp-json\/wp\/v2\/categories?post=6021"},{"taxonomy":"post_tag","embeddable":true,"href":"https:\/\/agustinfernandezpaz.gal\/en\/wp-json\/wp\/v2\/tags?post=6021"}],"curies":[{"name":"wp","href":"https:\/\/api.w.org\/{rel}","templated":true}]}}