{"id":5519,"date":"2012-09-10T08:08:20","date_gmt":"2012-09-10T08:08:20","guid":{"rendered":"https:\/\/agustinfernandezpaz.gal\/homenaxe-a-agustin-fernandez-paz-2\/"},"modified":"2012-09-13T11:38:41","modified_gmt":"2012-09-13T11:38:41","slug":"homenaxe-a-agustin-fernandez-paz","status":"publish","type":"post","link":"https:\/\/agustinfernandezpaz.gal\/en\/homenaxe-a-agustin-fernandez-paz\/","title":{"rendered":"Homenaxe a Agust\u00edn Fern\u00e1ndez Paz"},"content":{"rendered":"<p>O pasado 30 de xu\u00f1o celebrouse en Vigo un acto de homenaxe a Agust\u00edn Fern\u00e1ndez Paz, organizado pola plataforma ProLingua, ao que acudiron m\u00e1is de 300 persoas. \u00a0Conducido por Rosa Aneiros, nel intervi\u00f1eron amigos de Agust\u00edn e unha representaci\u00f3n do alumnado dos institutos de Vigo. Contou tam\u00e9n coa participaci\u00f3n dos m\u00fasicos Anxo Pintos e Bego\u00f1a Rioboo, as\u00ed como da cantante Ux\u00eda. As\u00ed mesmo, proxectouse unha montaxe, <em>O cinema de Agust\u00edn<\/em>, onde se recoll\u00edan anacos dalg\u00fans dos filmes preferidos do autor.<\/p>\n<p><strong>Nova en Br\u00e9temas:<\/strong><br \/>\n<a href=\"http:\/\/bretemas.com\/onte-296-homenaxe-a-agustin\/\">http:\/\/bretemas.com\/onte-296-homenaxe-a-agustin\/<\/a><\/p>\n<p><strong>Cr\u00f3nica de Alberto Ramos:<\/strong><br \/>\n<a href=\"http:\/\/praza.com\/cultura\/1417\/homenaxe-a-fernandez-paz-lcontigo-agustin-somos-nacionr\/\">http:\/\/praza.com\/cultura\/1417\/homenaxe-a-fernandez-paz-lcontigo-agustin-somos-nacionr\/<\/a><\/p>\n","protected":false},"excerpt":{"rendered":"<p>O pasado 30 de xu\u00f1o celebrouse en Vigo un acto de homenaxe a Agust\u00edn Fern\u00e1ndez Paz, organizado pola plataforma ProLingua, ao que acudiron m\u00e1is de 300 persoas. \u00a0Conducido por Rosa Aneiros, nel intervi\u00f1eron amigos de Agust\u00edn e unha representaci\u00f3n do alumnado dos institutos de Vigo. Contou tam\u00e9n coa participaci\u00f3n dos m\u00fasicos Anxo Pintos e Bego\u00f1a [&hellip;]<\/p>\n","protected":false},"author":1,"featured_media":0,"comment_status":"closed","ping_status":"closed","sticky":false,"template":"","format":"standard","meta":{"footnotes":""},"categories":[42],"tags":[],"class_list":["post-5519","post","type-post","status-publish","format-standard","hentry","category-news"],"_links":{"self":[{"href":"https:\/\/agustinfernandezpaz.gal\/en\/wp-json\/wp\/v2\/posts\/5519","targetHints":{"allow":["GET"]}}],"collection":[{"href":"https:\/\/agustinfernandezpaz.gal\/en\/wp-json\/wp\/v2\/posts"}],"about":[{"href":"https:\/\/agustinfernandezpaz.gal\/en\/wp-json\/wp\/v2\/types\/post"}],"author":[{"embeddable":true,"href":"https:\/\/agustinfernandezpaz.gal\/en\/wp-json\/wp\/v2\/users\/1"}],"replies":[{"embeddable":true,"href":"https:\/\/agustinfernandezpaz.gal\/en\/wp-json\/wp\/v2\/comments?post=5519"}],"version-history":[{"count":0,"href":"https:\/\/agustinfernandezpaz.gal\/en\/wp-json\/wp\/v2\/posts\/5519\/revisions"}],"wp:attachment":[{"href":"https:\/\/agustinfernandezpaz.gal\/en\/wp-json\/wp\/v2\/media?parent=5519"}],"wp:term":[{"taxonomy":"category","embeddable":true,"href":"https:\/\/agustinfernandezpaz.gal\/en\/wp-json\/wp\/v2\/categories?post=5519"},{"taxonomy":"post_tag","embeddable":true,"href":"https:\/\/agustinfernandezpaz.gal\/en\/wp-json\/wp\/v2\/tags?post=5519"}],"curies":[{"name":"wp","href":"https:\/\/api.w.org\/{rel}","templated":true}]}}