{"id":5513,"date":"2012-09-11T08:06:39","date_gmt":"2012-09-11T08:06:39","guid":{"rendered":"https:\/\/agustinfernandezpaz.gal\/non-hai-noite-tan-longa-obten-o-premio-losada-dieguez-2\/"},"modified":"2013-05-13T00:52:31","modified_gmt":"2013-05-12T22:52:31","slug":"non-hai-noite-tan-longa-obten-o-premio-losada-dieguez","status":"publish","type":"post","link":"https:\/\/agustinfernandezpaz.gal\/en\/non-hai-noite-tan-longa-obten-o-premio-losada-dieguez\/","title":{"rendered":"&#8220;Non hai noite tan longa&#8221; obt\u00e9n o premio Losada Di\u00e9guez."},"content":{"rendered":"<p>O d\u00eda 6 pasado mes de xu\u00f1o, no concello de Bobor\u00e1s, tivo lugar a entrega dos premios Losada Di\u00e9guez, que este ano corresponderon a <em>Non hai noite tan longa<\/em> de Agust\u00edn Fern\u00e1ndez Paz, na modalidade de creaci\u00f3n literaria, e a <em>An\u00edbal Otero: ling\u00fc\u00edstica e pol\u00edtica en Espa\u00f1a na guerra civil e no franquismo<\/em>, de Xes\u00fas Alonso Montero, na modalidade de ensaio.<\/p>\n<p>Este \u00e9 o quinto premio que recibe a novela de Fern\u00e1ndez Paz, que anteriormente obtivo estoutros reco\u00f1ecementos: Premio \u00c1nxel Casal ao libro de ficci\u00f3n de 2011; Premio Irmandade do Libro ao mellor libro galego do 2011; Premio Fervenzas Literarias ao mellor libro de narrativa de 2011; Premio Redelibros ao mellor libro de ficci\u00f3n de 2011.<\/p>\n","protected":false},"excerpt":{"rendered":"<p>O d\u00eda 6 pasado mes de xu\u00f1o, no concello de Bobor\u00e1s, tivo lugar a entrega dos premios Losada Di\u00e9guez, que este ano corresponderon a Non hai noite tan longa de Agust\u00edn Fern\u00e1ndez Paz, na modalidade de creaci\u00f3n literaria, e a An\u00edbal Otero: ling\u00fc\u00edstica e pol\u00edtica en Espa\u00f1a na guerra civil e no franquismo, de Xes\u00fas [&hellip;]<\/p>\n","protected":false},"author":1,"featured_media":0,"comment_status":"closed","ping_status":"closed","sticky":false,"template":"","format":"standard","meta":{"footnotes":""},"categories":[42],"tags":[],"class_list":["post-5513","post","type-post","status-publish","format-standard","hentry","category-news"],"_links":{"self":[{"href":"https:\/\/agustinfernandezpaz.gal\/en\/wp-json\/wp\/v2\/posts\/5513","targetHints":{"allow":["GET"]}}],"collection":[{"href":"https:\/\/agustinfernandezpaz.gal\/en\/wp-json\/wp\/v2\/posts"}],"about":[{"href":"https:\/\/agustinfernandezpaz.gal\/en\/wp-json\/wp\/v2\/types\/post"}],"author":[{"embeddable":true,"href":"https:\/\/agustinfernandezpaz.gal\/en\/wp-json\/wp\/v2\/users\/1"}],"replies":[{"embeddable":true,"href":"https:\/\/agustinfernandezpaz.gal\/en\/wp-json\/wp\/v2\/comments?post=5513"}],"version-history":[{"count":0,"href":"https:\/\/agustinfernandezpaz.gal\/en\/wp-json\/wp\/v2\/posts\/5513\/revisions"}],"wp:attachment":[{"href":"https:\/\/agustinfernandezpaz.gal\/en\/wp-json\/wp\/v2\/media?parent=5513"}],"wp:term":[{"taxonomy":"category","embeddable":true,"href":"https:\/\/agustinfernandezpaz.gal\/en\/wp-json\/wp\/v2\/categories?post=5513"},{"taxonomy":"post_tag","embeddable":true,"href":"https:\/\/agustinfernandezpaz.gal\/en\/wp-json\/wp\/v2\/tags?post=5513"}],"curies":[{"name":"wp","href":"https:\/\/api.w.org\/{rel}","templated":true}]}}