{"id":5374,"date":"2012-09-12T11:22:59","date_gmt":"2012-09-12T11:22:59","guid":{"rendered":"https:\/\/agustinfernandezpaz.gal\/a-revista-a-voz-de-vilalba-publica-unha-longa-entrevista-con-agustin-fernandez-paz-2\/"},"modified":"2012-09-12T11:22:59","modified_gmt":"2012-09-12T11:22:59","slug":"a-revista-a-voz-de-vilalba-publica-unha-longa-entrevista-con-agustin-fernandez-paz","status":"publish","type":"post","link":"https:\/\/agustinfernandezpaz.gal\/en\/a-revista-a-voz-de-vilalba-publica-unha-longa-entrevista-con-agustin-fernandez-paz\/","title":{"rendered":"A revista \u00abA voz de Vilalba\u00bb publica unha longa entrevista con Agust\u00edn Fern\u00e1ndez Paz"},"content":{"rendered":"<p><a href=\"https:\/\/agustinfernandezpaz.gal\/wp-content\/uploads\/2012\/09\/portada.jpg\" rel=\"gallery\"><img loading=\"lazy\" decoding=\"async\" class=\"alignleft size-medium wp-image-5314\" title=\"portada\" src=\"https:\/\/agustinfernandezpaz.gal\/wp-content\/uploads\/2012\/09\/portada-211x300.jpg\" alt=\"\" width=\"211\" height=\"300\" srcset=\"https:\/\/agustinfernandezpaz.gal\/wp-content\/uploads\/2012\/09\/portada-211x300.jpg 211w, https:\/\/agustinfernandezpaz.gal\/wp-content\/uploads\/2012\/09\/portada-212x300.jpg 212w, https:\/\/agustinfernandezpaz.gal\/wp-content\/uploads\/2012\/09\/portada-768x1087.jpg 768w, https:\/\/agustinfernandezpaz.gal\/wp-content\/uploads\/2012\/09\/portada-728x1030.jpg 728w, https:\/\/agustinfernandezpaz.gal\/wp-content\/uploads\/2012\/09\/portada-498x705.jpg 498w, https:\/\/agustinfernandezpaz.gal\/wp-content\/uploads\/2012\/09\/portada-450x637.jpg 450w, https:\/\/agustinfernandezpaz.gal\/wp-content\/uploads\/2012\/09\/portada-530x750.jpg 530w, https:\/\/agustinfernandezpaz.gal\/wp-content\/uploads\/2012\/09\/portada-110x155.jpg 110w, https:\/\/agustinfernandezpaz.gal\/wp-content\/uploads\/2012\/09\/portada-723x1024.jpg 723w, https:\/\/agustinfernandezpaz.gal\/wp-content\/uploads\/2012\/09\/portada.jpg 886w\" sizes=\"auto, (max-width: 211px) 100vw, 211px\" \/><\/a>A revista\u00a0<a href=\"http:\/\/avozdevilalba.blogspot.com\/2011\/10\/revista-avozdevilalbacom-de-setembro.html?utm_source=feedburner&amp;utm_medium=feed&amp;utm_campaign=Feed%3A+AVozDeVilalba+%28avozdevilalba.com%29\"><em>A voz de Vilalba<\/em><\/a>\u00a0do mes de setembro publica unha longa entrevista con\u00a0<a href=\"http:\/\/xerais.es\/cgigeneral\/ficha_autor.pl?id_autor=200727&amp;id_sello_editorial_web=13&amp;id_funcion=44\">Agust\u00edn Fern\u00e1ndez Paz<\/a>\u00a0na que se repasa a concesi\u00f3n do Premio Iberoamericano SM de Literatura Infantil e Xuvenil e a publicaci\u00f3n da s\u00faa novela\u00a0<a href=\"http:\/\/www.galiciahoxe.com\/vivir-hoxe-galicia\/gh\/viaxe-memoria-ruth-fernandez\/idEdicion-2011-07-29\/idNoticia-689894\/\"><em>Non hai noite tan longa<\/em><\/a>, pero tam\u00e9n a situaci\u00f3n da lingua galega, a presenza da literatura no ensino\u2026 entre outras moitas cuesti\u00f3ns.<\/p>\n<p>A entrevista comeza cunha pregunta de\u00a0<a href=\"http:\/\/xerais.blogaliza.org\/tag\/mario_paz_gonzalez\/\">Mario Paz Gonz\u00e1lez<\/a>, o entrevistador, sobre a presenza de referencias a outros x\u00e9neros como o fant\u00e1stico ou a novela negra en Non hai noite tan longa, ao que o escritor responde que \u00abo da novela negra foi premeditado. Eu son, desde hai moitos anos, un bo lector dese tipo de novela na que, aproveitando unha historia, faise unha an\u00e1lise cr\u00edtica da sociedade. Ademais, pra contar algo, non hai mellores tramas que as da novela negra, pois dun cap\u00edtulo vanche levano ao outro, ata o final. O elemento fant\u00e1stico \u00e9 unha especie de marca da casa\u00bb. (\u2026)<\/p>\n<p><strong>Descargar a entrevista en PDF:<\/strong>\u00a0<a href=\"https:\/\/agustinfernandezpaz.gal\/wp-content\/uploads\/2012\/09\/avozdevilalba.pdf\">avozdevilalba<\/a><\/p>\n","protected":false},"excerpt":{"rendered":"<p>A revista\u00a0A voz de Vilalba\u00a0do mes de setembro publica unha longa entrevista con\u00a0Agust\u00edn Fern\u00e1ndez Paz\u00a0na que se repasa a concesi\u00f3n do Premio Iberoamericano SM de Literatura Infantil e Xuvenil e a publicaci\u00f3n da s\u00faa novela\u00a0Non hai noite tan longa, pero tam\u00e9n a situaci\u00f3n da lingua galega, a presenza da literatura no ensino\u2026 entre outras moitas [&hellip;]<\/p>\n","protected":false},"author":1,"featured_media":0,"comment_status":"closed","ping_status":"closed","sticky":false,"template":"","format":"standard","meta":{"footnotes":""},"categories":[36],"tags":[],"class_list":["post-5374","post","type-post","status-publish","format-standard","hentry","category-interviews"],"_links":{"self":[{"href":"https:\/\/agustinfernandezpaz.gal\/en\/wp-json\/wp\/v2\/posts\/5374","targetHints":{"allow":["GET"]}}],"collection":[{"href":"https:\/\/agustinfernandezpaz.gal\/en\/wp-json\/wp\/v2\/posts"}],"about":[{"href":"https:\/\/agustinfernandezpaz.gal\/en\/wp-json\/wp\/v2\/types\/post"}],"author":[{"embeddable":true,"href":"https:\/\/agustinfernandezpaz.gal\/en\/wp-json\/wp\/v2\/users\/1"}],"replies":[{"embeddable":true,"href":"https:\/\/agustinfernandezpaz.gal\/en\/wp-json\/wp\/v2\/comments?post=5374"}],"version-history":[{"count":0,"href":"https:\/\/agustinfernandezpaz.gal\/en\/wp-json\/wp\/v2\/posts\/5374\/revisions"}],"wp:attachment":[{"href":"https:\/\/agustinfernandezpaz.gal\/en\/wp-json\/wp\/v2\/media?parent=5374"}],"wp:term":[{"taxonomy":"category","embeddable":true,"href":"https:\/\/agustinfernandezpaz.gal\/en\/wp-json\/wp\/v2\/categories?post=5374"},{"taxonomy":"post_tag","embeddable":true,"href":"https:\/\/agustinfernandezpaz.gal\/en\/wp-json\/wp\/v2\/tags?post=5374"}],"curies":[{"name":"wp","href":"https:\/\/api.w.org\/{rel}","templated":true}]}}