{"id":10941,"date":"2015-04-13T11:39:37","date_gmt":"2015-04-13T09:39:37","guid":{"rendered":"https:\/\/agustinfernandezpaz.gal\/la-pagina-escrita-publica-una-extensa-entrevista-con-agustin-fernandez-paz-2\/"},"modified":"2015-05-27T13:41:55","modified_gmt":"2015-05-27T11:41:55","slug":"la-pagina-escrita-publica-una-extensa-entrevista-con-agustin-fernandez-paz","status":"publish","type":"post","link":"https:\/\/agustinfernandezpaz.gal\/en\/la-pagina-escrita-publica-una-extensa-entrevista-con-agustin-fernandez-paz\/","title":{"rendered":"La P\u00e1gina Escrita Publishes an Extensive Interview with Agust\u00edn Fern\u00e1ndez Paz"},"content":{"rendered":"<p>The magazine <em>La P\u00e1gina Escrita<\/em> is a quarterly digital publication edited by the Fundaci\u00f3n Jordi Sierra i Fabra in Barcelona and the Taller de Letras Jordi Sierra i Fabra foundation in Medell\u00edn (Colombia).<\/p>\n<p>As they explain in the first issue, \u201c<em>It is a magazine aimed at young (and not so young) readers who want to become writers, as well as at teachers, educators, librarians and whosoever is involved in the world of culture<\/em>.\u201d In each of its issues (totalling eleven this April), in addition to many other sections, they publish a long interview with an author and another with an illustrator, both of whom come from Spain, Central or South America. In issue number 9, Agust\u00edn Fern\u00e1ndez Paz was the chosen writer.<\/p>\n<p><a href=\"http:\/\/www.lapaginaescrita.com\/wp-content\/plugins\/custom-content-library\/magazine\/2014\/09\/\" target=\"_blank\">Click here<\/a> to read the entire magazine.<\/p>\n<p>The interview with AFP can be found in this<a title=\"A entrevista a AFP\" href=\"https:\/\/agustinfernandezpaz.gal\/wp-content\/uploads\/2015\/04\/La_pagina_escrita_Agustin-31.pdf\" target=\"_blank\">\u00a0PDF<\/a><\/p>\n<p>&nbsp;<\/p>\n","protected":false},"excerpt":{"rendered":"<p>The magazine La P\u00e1gina Escrita is a quarterly digital publication edited by the Fundaci\u00f3n Jordi Sierra i Fabra in Barcelona and the Taller de Letras Jordi Sierra i Fabra foundation in Medell\u00edn (Colombia). As they explain in the first issue, \u201cIt is a magazine aimed at young (and not so young) readers who want to [&hellip;]<\/p>\n","protected":false},"author":3,"featured_media":10916,"comment_status":"open","ping_status":"open","sticky":false,"template":"","format":"standard","meta":{"footnotes":""},"categories":[36],"tags":[],"class_list":["post-10941","post","type-post","status-publish","format-standard","has-post-thumbnail","hentry","category-interviews"],"_links":{"self":[{"href":"https:\/\/agustinfernandezpaz.gal\/en\/wp-json\/wp\/v2\/posts\/10941","targetHints":{"allow":["GET"]}}],"collection":[{"href":"https:\/\/agustinfernandezpaz.gal\/en\/wp-json\/wp\/v2\/posts"}],"about":[{"href":"https:\/\/agustinfernandezpaz.gal\/en\/wp-json\/wp\/v2\/types\/post"}],"author":[{"embeddable":true,"href":"https:\/\/agustinfernandezpaz.gal\/en\/wp-json\/wp\/v2\/users\/3"}],"replies":[{"embeddable":true,"href":"https:\/\/agustinfernandezpaz.gal\/en\/wp-json\/wp\/v2\/comments?post=10941"}],"version-history":[{"count":0,"href":"https:\/\/agustinfernandezpaz.gal\/en\/wp-json\/wp\/v2\/posts\/10941\/revisions"}],"wp:featuredmedia":[{"embeddable":true,"href":"https:\/\/agustinfernandezpaz.gal\/en\/wp-json\/wp\/v2\/media\/10916"}],"wp:attachment":[{"href":"https:\/\/agustinfernandezpaz.gal\/en\/wp-json\/wp\/v2\/media?parent=10941"}],"wp:term":[{"taxonomy":"category","embeddable":true,"href":"https:\/\/agustinfernandezpaz.gal\/en\/wp-json\/wp\/v2\/categories?post=10941"},{"taxonomy":"post_tag","embeddable":true,"href":"https:\/\/agustinfernandezpaz.gal\/en\/wp-json\/wp\/v2\/tags?post=10941"}],"curies":[{"name":"wp","href":"https:\/\/api.w.org\/{rel}","templated":true}]}}